{"id":42,"date":"2015-07-12T13:28:01","date_gmt":"2015-07-12T17:28:01","guid":{"rendered":"http:\/\/evs.curbadecultura.ro\/?p=42"},"modified":"2016-05-05T14:00:46","modified_gmt":"2016-05-05T18:00:46","slug":"welcome-to-romania","status":"publish","type":"post","link":"https:\/\/evs.curbadecultura.ro\/index.php\/2015\/07\/12\/welcome-to-romania\/","title":{"rendered":"Welcome to Romania"},"content":{"rendered":"<p><img decoding=\"async\" loading=\"lazy\" class=\"size-medium wp-image-46 alignleft\" src=\"http:\/\/evs.curbadecultura.ro\/wp-content\/uploads\/2016\/05\/11717539_299341676856794_2766167606009247033_o-300x199.jpg\" alt=\"11717539_299341676856794_2766167606009247033_o\" width=\"300\" height=\"199\" srcset=\"https:\/\/evs.curbadecultura.ro\/wp-content\/uploads\/2016\/05\/11717539_299341676856794_2766167606009247033_o-300x199.jpg 300w, https:\/\/evs.curbadecultura.ro\/wp-content\/uploads\/2016\/05\/11717539_299341676856794_2766167606009247033_o-768x510.jpg 768w, https:\/\/evs.curbadecultura.ro\/wp-content\/uploads\/2016\/05\/11717539_299341676856794_2766167606009247033_o-1024x681.jpg 1024w, https:\/\/evs.curbadecultura.ro\/wp-content\/uploads\/2016\/05\/11717539_299341676856794_2766167606009247033_o.jpg 2048w\" sizes=\"(max-width: 300px) 100vw, 300px\" \/>Pentru a fi mai u\u0219or comunit\u0103\u021bii \u0219i pentru a-i face pe musafirii no\u0219tri s\u0103 se simt\u0103 primi\u021bi \u0219i accepta\u021bi am organizat o sear\u0103 de activit\u0103\u021bi \u00een parcul din satul Schiule\u0219ti. Voluntarii locali \u0219i voluntarii SEV au transformat pentru o sear\u0103 parcul din cap\u0103tul satului Schiule\u0219ti \u00eentr-o zon\u0103 plin\u0103 de distrac\u021bie, veselie \u0219i voie bun\u0103. Pozele o dovedesc.<img decoding=\"async\" loading=\"lazy\" class=\"size-medium wp-image-43 alignleft\" src=\"http:\/\/evs.curbadecultura.ro\/wp-content\/uploads\/2016\/05\/FB_IMG_1438533816258-300x199.jpg\" alt=\"FB_IMG_1438533816258\" width=\"300\" height=\"199\" srcset=\"https:\/\/evs.curbadecultura.ro\/wp-content\/uploads\/2016\/05\/FB_IMG_1438533816258-300x199.jpg 300w, https:\/\/evs.curbadecultura.ro\/wp-content\/uploads\/2016\/05\/FB_IMG_1438533816258-768x511.jpg 768w, https:\/\/evs.curbadecultura.ro\/wp-content\/uploads\/2016\/05\/FB_IMG_1438533816258-1024x681.jpg 1024w, https:\/\/evs.curbadecultura.ro\/wp-content\/uploads\/2016\/05\/FB_IMG_1438533816258.jpg 1083w\" sizes=\"(max-width: 300px) 100vw, 300px\" \/><\/p>\n<p>To make it easier for the community and to make our guests feel accepted and welcomed we organized an evening of activities in Schiule\u0219ti&#8217;s park. Local volunteers together with EVS ones turned the park for an evening into a place full of fun, joy and good mood. Pictures can prove it.<\/p>\n<p><img decoding=\"async\" loading=\"lazy\" class=\"size-medium wp-image-45 alignleft\" src=\"http:\/\/evs.curbadecultura.ro\/wp-content\/uploads\/2016\/05\/11163938_299342490190046_2305626993285697361_o-300x199.jpg\" alt=\"11163938_299342490190046_2305626993285697361_o\" width=\"300\" height=\"199\" srcset=\"https:\/\/evs.curbadecultura.ro\/wp-content\/uploads\/2016\/05\/11163938_299342490190046_2305626993285697361_o-300x199.jpg 300w, https:\/\/evs.curbadecultura.ro\/wp-content\/uploads\/2016\/05\/11163938_299342490190046_2305626993285697361_o-768x510.jpg 768w, https:\/\/evs.curbadecultura.ro\/wp-content\/uploads\/2016\/05\/11163938_299342490190046_2305626993285697361_o-1024x681.jpg 1024w, https:\/\/evs.curbadecultura.ro\/wp-content\/uploads\/2016\/05\/11163938_299342490190046_2305626993285697361_o.jpg 2048w\" sizes=\"(max-width: 300px) 100vw, 300px\" \/>Dup\u0103 un astfel de \u00eenceput \u0219i cu at\u00e2t de mult\u0103 energie nu se poate s\u0103 nu apar\u0103 rezultate minunate. Sta\u021bi aproape pentru nout\u0103\u021bi \ud83d\ude09<\/p>\n<p>After such a beginning and such a welcoming day it will be impossible to not have great results. Stay tunned for news \ud83d\ude09<br \/>\n<img decoding=\"async\" loading=\"lazy\" class=\"size-medium wp-image-44 alignleft\" src=\"http:\/\/evs.curbadecultura.ro\/wp-content\/uploads\/2016\/05\/FB_IMG_1438533903915-300x199.jpg\" alt=\"FB_IMG_1438533903915\" width=\"300\" height=\"199\" srcset=\"https:\/\/evs.curbadecultura.ro\/wp-content\/uploads\/2016\/05\/FB_IMG_1438533903915-300x199.jpg 300w, https:\/\/evs.curbadecultura.ro\/wp-content\/uploads\/2016\/05\/FB_IMG_1438533903915-768x511.jpg 768w, https:\/\/evs.curbadecultura.ro\/wp-content\/uploads\/2016\/05\/FB_IMG_1438533903915-1024x681.jpg 1024w, https:\/\/evs.curbadecultura.ro\/wp-content\/uploads\/2016\/05\/FB_IMG_1438533903915.jpg 1083w\" sizes=\"(max-width: 300px) 100vw, 300px\" \/><\/p>\n","protected":false},"excerpt":{"rendered":"<div class=\"slide-text-bg2\"><span>Pentru a fi mai u\u0219or comunit\u0103\u021bii \u0219i pentru a-i face pe musafirii no\u0219tri s\u0103 se simt\u0103 primi\u021bi \u0219i accepta\u021bi am organizat o sear\u0103 de activit\u0103\u021bi \u00ee<\/span><\/div>\n<div class=\"slide-btn-area-sm\"><a href=\"https:\/\/evs.curbadecultura.ro\/index.php\/2015\/07\/12\/welcome-to-romania\/\" class=\"slide-btn-sm\">Read More<\/a><\/div>\n","protected":false},"author":1,"featured_media":0,"comment_status":"open","ping_status":"open","sticky":false,"template":"","format":"standard","meta":[],"categories":[5,1],"tags":[8,6,2,3],"_links":{"self":[{"href":"https:\/\/evs.curbadecultura.ro\/index.php\/wp-json\/wp\/v2\/posts\/42"}],"collection":[{"href":"https:\/\/evs.curbadecultura.ro\/index.php\/wp-json\/wp\/v2\/posts"}],"about":[{"href":"https:\/\/evs.curbadecultura.ro\/index.php\/wp-json\/wp\/v2\/types\/post"}],"author":[{"embeddable":true,"href":"https:\/\/evs.curbadecultura.ro\/index.php\/wp-json\/wp\/v2\/users\/1"}],"replies":[{"embeddable":true,"href":"https:\/\/evs.curbadecultura.ro\/index.php\/wp-json\/wp\/v2\/comments?post=42"}],"version-history":[{"count":7,"href":"https:\/\/evs.curbadecultura.ro\/index.php\/wp-json\/wp\/v2\/posts\/42\/revisions"}],"predecessor-version":[{"id":53,"href":"https:\/\/evs.curbadecultura.ro\/index.php\/wp-json\/wp\/v2\/posts\/42\/revisions\/53"}],"wp:attachment":[{"href":"https:\/\/evs.curbadecultura.ro\/index.php\/wp-json\/wp\/v2\/media?parent=42"}],"wp:term":[{"taxonomy":"category","embeddable":true,"href":"https:\/\/evs.curbadecultura.ro\/index.php\/wp-json\/wp\/v2\/categories?post=42"},{"taxonomy":"post_tag","embeddable":true,"href":"https:\/\/evs.curbadecultura.ro\/index.php\/wp-json\/wp\/v2\/tags?post=42"}],"curies":[{"name":"wp","href":"https:\/\/api.w.org\/{rel}","templated":true}]}}