{"id":3773,"date":"2023-06-20T16:18:15","date_gmt":"2023-06-20T13:18:15","guid":{"rendered":"http:\/\/evs.curbadecultura.ro\/?p=3773"},"modified":"2023-11-11T14:20:16","modified_gmt":"2023-11-11T12:20:16","slug":"portret-de-voluntar-matheo-franta","status":"publish","type":"post","link":"https:\/\/evs.curbadecultura.ro\/index.php\/2023\/06\/20\/portret-de-voluntar-matheo-franta\/","title":{"rendered":"Portret de voluntar &#8211; Math\u00e9o (Fran\u021ba)"},"content":{"rendered":"\n<p>Bun\u0103 ziua, numele meu este Math\u00e9o, am 20 de ani \u0219i locuiesc \u00een Angers, Fran\u021ba.<\/p>\n\n\n\n<p>Am vrut s\u0103 fac voluntariat prin programul \u201cService Civique\u201d pentru a descoperi o nou\u0103 cultur\u0103, pentru a-mi dezvolta abilit\u0103\u021bile \u0219i pentru a cunoa\u0219te oameni.<\/p>\n\n\n\n<p>Este prima dat\u0103 c\u00e2nd merg \u00eentr-o alt\u0103 \u021bar\u0103 \u0219i sper c\u0103 acest lucru \u00eemi va permite s\u0103 cunosc mai multe lucruri despre mine.<\/p>\n\n\n\n<p>\u00cemi place s\u0103 ascult muzic\u0103 \u0219i s\u0103 scriu c\u00e2ntece. M\u0103 plimb adesea pentru a g\u0103si inspira\u021bie.<\/p>\n\n\n\n<p>M\u0103 joc \u00een mod regulat jocuri video, deoarece \u00eemi place s\u0103 explorez o alt\u0103 lume.&nbsp;<\/p>\n\n\n\n<p>A\u0219tept cu ner\u0103bdare s\u0103 v\u0103 cunosc \ud83d\ude42<\/p>\n\n\n\n<figure class=\"wp-block-image size-large is-resized\"><img decoding=\"async\" loading=\"lazy\" src=\"http:\/\/evs.curbadecultura.ro\/wp-content\/uploads\/2023\/06\/20230617_132043-855x1024.jpg\" alt=\"\" class=\"wp-image-3787\" width=\"373\" height=\"447\" srcset=\"https:\/\/evs.curbadecultura.ro\/wp-content\/uploads\/2023\/06\/20230617_132043-855x1024.jpg 855w, https:\/\/evs.curbadecultura.ro\/wp-content\/uploads\/2023\/06\/20230617_132043-250x300.jpg 250w, https:\/\/evs.curbadecultura.ro\/wp-content\/uploads\/2023\/06\/20230617_132043-768x920.jpg 768w, https:\/\/evs.curbadecultura.ro\/wp-content\/uploads\/2023\/06\/20230617_132043.jpg 1055w\" sizes=\"(max-width: 373px) 100vw, 373px\" \/><\/figure>\n\n\n\n<p>Hello, my name is Math\u00e9o, I&#8217;m 20 yo and I live in Angers, France.<\/p>\n\n\n\n<p>I wanted to do a \u201cService Civique\u201d to discover a new culture, develop my skills and meet people.<\/p>\n\n\n\n<p>It&#8217;s the first time I&#8217;ve been to another country and I hope this will allow me to know more about myself.<\/p>\n\n\n\n<p>I like listening to music and writing songs. I often go for walks to find inspiration.<\/p>\n\n\n\n<p>I regularly play video games because I like exploring another world.&nbsp;<\/p>\n\n\n\n<p>I look forward to meeting you \ud83d\ude42<\/p>\n\n\n\n<p><br><\/p>\n","protected":false},"excerpt":{"rendered":"<div class=\"slide-text-bg2\"><span>Bun\u0103 ziua, numele meu este Math\u00e9o, am 20 de ani \u0219i locuiesc \u00een Angers, Fran\u021ba. Am vrut s\u0103 fac voluntariat prin programul \u201cService Civique\u201d pentru<\/span><\/div>\n<div class=\"slide-btn-area-sm\"><a href=\"https:\/\/evs.curbadecultura.ro\/index.php\/2023\/06\/20\/portret-de-voluntar-matheo-franta\/\" class=\"slide-btn-sm\">Read More<\/a><\/div>\n","protected":false},"author":85,"featured_media":0,"comment_status":"closed","ping_status":"closed","sticky":false,"template":"","format":"standard","meta":[],"categories":[5,118],"tags":[],"_links":{"self":[{"href":"https:\/\/evs.curbadecultura.ro\/index.php\/wp-json\/wp\/v2\/posts\/3773"}],"collection":[{"href":"https:\/\/evs.curbadecultura.ro\/index.php\/wp-json\/wp\/v2\/posts"}],"about":[{"href":"https:\/\/evs.curbadecultura.ro\/index.php\/wp-json\/wp\/v2\/types\/post"}],"author":[{"embeddable":true,"href":"https:\/\/evs.curbadecultura.ro\/index.php\/wp-json\/wp\/v2\/users\/85"}],"replies":[{"embeddable":true,"href":"https:\/\/evs.curbadecultura.ro\/index.php\/wp-json\/wp\/v2\/comments?post=3773"}],"version-history":[{"count":4,"href":"https:\/\/evs.curbadecultura.ro\/index.php\/wp-json\/wp\/v2\/posts\/3773\/revisions"}],"predecessor-version":[{"id":3790,"href":"https:\/\/evs.curbadecultura.ro\/index.php\/wp-json\/wp\/v2\/posts\/3773\/revisions\/3790"}],"wp:attachment":[{"href":"https:\/\/evs.curbadecultura.ro\/index.php\/wp-json\/wp\/v2\/media?parent=3773"}],"wp:term":[{"taxonomy":"category","embeddable":true,"href":"https:\/\/evs.curbadecultura.ro\/index.php\/wp-json\/wp\/v2\/categories?post=3773"},{"taxonomy":"post_tag","embeddable":true,"href":"https:\/\/evs.curbadecultura.ro\/index.php\/wp-json\/wp\/v2\/tags?post=3773"}],"curies":[{"name":"wp","href":"https:\/\/api.w.org\/{rel}","templated":true}]}}