{"id":3656,"date":"2022-11-11T14:16:50","date_gmt":"2022-11-11T12:16:50","guid":{"rendered":"http:\/\/evs.curbadecultura.ro\/?p=3656"},"modified":"2022-11-16T11:37:01","modified_gmt":"2022-11-16T09:37:01","slug":"portret-de-voluntar-ali","status":"publish","type":"post","link":"https:\/\/evs.curbadecultura.ro\/index.php\/2022\/11\/11\/portret-de-voluntar-ali\/","title":{"rendered":"Portret de voluntar &#8211; Ali"},"content":{"rendered":"\n<p style=\"text-align:left\">Buna ! <br><br>Numele meu este Ali. Am 20 ani si sunt din Fran\u021ba. <br>\u00cemi place s\u0103 scriu, sa citesc, sa \u00eenot, c\u0103l\u0103toriile \u0219i s\u0103 m\u0103 plimb singur\u0103 prin natura. Sunt destul de amuzanta, dar \u00een acela\u0219i timp sunt retras\u0103. <br><br>Visul meu este sa-mi deschid&nbsp; o cafenea libr\u0103rie, poate cu piscii \u0219i flori. Deoarece ce este mai bun dec\u00e2t aceasta via\u021ba? Apusul de soare, poate?<br><br>Eu cred c\u0103 via\u021ba este un puzzle, Romania va fi o piesa din puzzle.  <\/p>\n\n\n\n<figure class=\"wp-block-image\"><img decoding=\"async\" loading=\"lazy\" width=\"768\" height=\"1024\" src=\"http:\/\/evs.curbadecultura.ro\/wp-content\/uploads\/2022\/11\/IMG-20221107-WA0042-1-768x1024.jpg\" alt=\"\" class=\"wp-image-3663\" srcset=\"https:\/\/evs.curbadecultura.ro\/wp-content\/uploads\/2022\/11\/IMG-20221107-WA0042-1-768x1024.jpg 768w, https:\/\/evs.curbadecultura.ro\/wp-content\/uploads\/2022\/11\/IMG-20221107-WA0042-1-225x300.jpg 225w, https:\/\/evs.curbadecultura.ro\/wp-content\/uploads\/2022\/11\/IMG-20221107-WA0042-1.jpg 1200w\" sizes=\"(max-width: 768px) 100vw, 768px\" \/><\/figure>\n\n\n\n<p>Hello !<br><br>My name is Ali. I am 20yo and I am from France. <br>I like writing, reading, swimming, travelling and walking alone in the nature. I am pretty funny I think but at the same time reserved.  <br><br>My dream is to open a coffee bookshop, maybe with cats and flowers too. Because what is better than this in life ? Sunset maybe ?  <br><br>I think life is a puzzle, Romania will be a piece of it. <\/p>\n\n\n\n<p><br><\/p>\n","protected":false},"excerpt":{"rendered":"<div class=\"slide-text-bg2\"><span>Buna ! Numele meu este Ali. Am 20 ani si sunt din Fran\u021ba. \u00cemi place s\u0103 scriu, sa citesc, sa \u00eenot, c\u0103l\u0103toriile \u0219i s\u0103 m\u0103 plimb singur\u0103 prin natura.<\/span><\/div>\n<div class=\"slide-btn-area-sm\"><a href=\"https:\/\/evs.curbadecultura.ro\/index.php\/2022\/11\/11\/portret-de-voluntar-ali\/\" class=\"slide-btn-sm\">Read More<\/a><\/div>\n","protected":false},"author":72,"featured_media":0,"comment_status":"open","ping_status":"open","sticky":false,"template":"","format":"standard","meta":[],"categories":[5,104],"tags":[],"_links":{"self":[{"href":"https:\/\/evs.curbadecultura.ro\/index.php\/wp-json\/wp\/v2\/posts\/3656"}],"collection":[{"href":"https:\/\/evs.curbadecultura.ro\/index.php\/wp-json\/wp\/v2\/posts"}],"about":[{"href":"https:\/\/evs.curbadecultura.ro\/index.php\/wp-json\/wp\/v2\/types\/post"}],"author":[{"embeddable":true,"href":"https:\/\/evs.curbadecultura.ro\/index.php\/wp-json\/wp\/v2\/users\/72"}],"replies":[{"embeddable":true,"href":"https:\/\/evs.curbadecultura.ro\/index.php\/wp-json\/wp\/v2\/comments?post=3656"}],"version-history":[{"count":7,"href":"https:\/\/evs.curbadecultura.ro\/index.php\/wp-json\/wp\/v2\/posts\/3656\/revisions"}],"predecessor-version":[{"id":3670,"href":"https:\/\/evs.curbadecultura.ro\/index.php\/wp-json\/wp\/v2\/posts\/3656\/revisions\/3670"}],"wp:attachment":[{"href":"https:\/\/evs.curbadecultura.ro\/index.php\/wp-json\/wp\/v2\/media?parent=3656"}],"wp:term":[{"taxonomy":"category","embeddable":true,"href":"https:\/\/evs.curbadecultura.ro\/index.php\/wp-json\/wp\/v2\/categories?post=3656"},{"taxonomy":"post_tag","embeddable":true,"href":"https:\/\/evs.curbadecultura.ro\/index.php\/wp-json\/wp\/v2\/tags?post=3656"}],"curies":[{"name":"wp","href":"https:\/\/api.w.org\/{rel}","templated":true}]}}