{"id":3384,"date":"2022-03-03T15:57:12","date_gmt":"2022-03-03T13:57:12","guid":{"rendered":"http:\/\/evs.curbadecultura.ro\/?p=3384"},"modified":"2022-03-03T15:57:12","modified_gmt":"2022-03-03T13:57:12","slug":"proiect-tinemobilul-fury-road","status":"publish","type":"post","link":"https:\/\/evs.curbadecultura.ro\/index.php\/2022\/03\/03\/proiect-tinemobilul-fury-road\/","title":{"rendered":"Proiect Tinemobilul &#8211; Fury Road"},"content":{"rendered":"\n<p>Vruuum, Vruuum,<br>Repornim motorul, dar \u00eenainte, s\u0103 ne prezentam mai \u00een detaliu:<br><\/p>\n\n\n\n<div class=\"wp-block-image\"><figure class=\"aligncenter is-resized\"><img decoding=\"async\" loading=\"lazy\" src=\"http:\/\/evs.curbadecultura.ro\/wp-content\/uploads\/2022\/02\/GOPR5543-1024x768.jpg\" alt=\"\" class=\"wp-image-3385\" width=\"575\" height=\"432\" srcset=\"https:\/\/evs.curbadecultura.ro\/wp-content\/uploads\/2022\/02\/GOPR5543-1024x768.jpg 1024w, https:\/\/evs.curbadecultura.ro\/wp-content\/uploads\/2022\/02\/GOPR5543-300x225.jpg 300w, https:\/\/evs.curbadecultura.ro\/wp-content\/uploads\/2022\/02\/GOPR5543-768x576.jpg 768w\" sizes=\"(max-width: 575px) 100vw, 575px\" \/><\/figure><\/div>\n\n\n\n<p style=\"text-align:center\"> Dac\u0103 \u00ee\u021bi place muzica, vei fi \u00eenc\u00e2ntat de Andres, pentru ca el are playlisturi latino, rock \u0219i, de asemenea, techno! Este multifunc\u021bional\u0103 : c\u00e2nt\u0103re\u021b, muzician, cu sfaturi \u0219i glume bune!<\/p>\n\n\n\n<div class=\"wp-block-image\"><figure class=\"aligncenter is-resized\"><img decoding=\"async\" loading=\"lazy\" src=\"http:\/\/evs.curbadecultura.ro\/wp-content\/uploads\/2022\/02\/GOPR5553-1024x768.jpg\" alt=\"\" class=\"wp-image-3387\" width=\"434\" height=\"325\" srcset=\"https:\/\/evs.curbadecultura.ro\/wp-content\/uploads\/2022\/02\/GOPR5553-1024x768.jpg 1024w, https:\/\/evs.curbadecultura.ro\/wp-content\/uploads\/2022\/02\/GOPR5553-300x225.jpg 300w, https:\/\/evs.curbadecultura.ro\/wp-content\/uploads\/2022\/02\/GOPR5553-768x576.jpg 768w\" sizes=\"(max-width: 434px) 100vw, 434px\" \/><\/figure><\/div>\n\n\n\n<p style=\"text-align:center\"> Profesionista la Uno, ai grij\u0103 la trucurile pe care Sara le are \u00een m\u00e2neca. \u00centotdeauna cu cele mai bune idei \u0219i un bun gust pentru mod\u0103. Vei fi uimit de toat\u0103 istoria despre lume \u0219i pove\u0219tile din experien\u021bele ei trecute. Ea este ca Hermione!<br> Ne vedem pe drum, be fast and furious!<\/p>\n\n\n\n<div class=\"wp-block-image\"><figure class=\"aligncenter is-resized\"><img decoding=\"async\" loading=\"lazy\" src=\"http:\/\/evs.curbadecultura.ro\/wp-content\/uploads\/2022\/02\/GOPR5564-1024x768.jpg\" alt=\"\" class=\"wp-image-3388\" width=\"438\" height=\"329\" srcset=\"https:\/\/evs.curbadecultura.ro\/wp-content\/uploads\/2022\/02\/GOPR5564-1024x768.jpg 1024w, https:\/\/evs.curbadecultura.ro\/wp-content\/uploads\/2022\/02\/GOPR5564-300x225.jpg 300w, https:\/\/evs.curbadecultura.ro\/wp-content\/uploads\/2022\/02\/GOPR5564-768x576.jpg 768w\" sizes=\"(max-width: 438px) 100vw, 438px\" \/><\/figure><\/div>\n\n\n\n<p style=\"text-align:center\">El ar putea fi DJ la Ibiza, probabil din cauza mo\u0219tenirii sale spaniole, Roberto \u0219tie cum s\u0103 energizeze mul\u021bimea! \u00centotdeauna cu un z\u00e2mbet, \u00eei place s\u0103 fac\u0103 coregrafii! Pe l\u00e2ng\u0103 aceasta, Roberto poate rezolva probleme de matematic\u0103 \u00een timp record.<\/p>\n\n\n\n<div class=\"wp-block-image\"><figure class=\"aligncenter is-resized\"><img decoding=\"async\" loading=\"lazy\" src=\"http:\/\/evs.curbadecultura.ro\/wp-content\/uploads\/2022\/02\/GOPR5566-1024x768.jpg\" alt=\"\" class=\"wp-image-3389\" width=\"455\" height=\"341\" srcset=\"https:\/\/evs.curbadecultura.ro\/wp-content\/uploads\/2022\/02\/GOPR5566-1024x768.jpg 1024w, https:\/\/evs.curbadecultura.ro\/wp-content\/uploads\/2022\/02\/GOPR5566-300x225.jpg 300w, https:\/\/evs.curbadecultura.ro\/wp-content\/uploads\/2022\/02\/GOPR5566-768x576.jpg 768w\" sizes=\"(max-width: 455px) 100vw, 455px\" \/><\/figure><\/div>\n","protected":false},"excerpt":{"rendered":"<div class=\"slide-text-bg2\"><span>Vruuum, Vruuum,Repornim motorul, dar \u00eenainte, s\u0103 ne prezentam mai \u00een detaliu: Dac\u0103 \u00ee\u021bi place muzica, vei fi \u00eenc\u00e2ntat de Andres, pentru ca el are pl<\/span><\/div>\n<div class=\"slide-btn-area-sm\"><a href=\"https:\/\/evs.curbadecultura.ro\/index.php\/2022\/03\/03\/proiect-tinemobilul-fury-road\/\" class=\"slide-btn-sm\">Read More<\/a><\/div>\n","protected":false},"author":64,"featured_media":0,"comment_status":"open","ping_status":"open","sticky":false,"template":"","format":"standard","meta":[],"categories":[105,78,5],"tags":[],"_links":{"self":[{"href":"https:\/\/evs.curbadecultura.ro\/index.php\/wp-json\/wp\/v2\/posts\/3384"}],"collection":[{"href":"https:\/\/evs.curbadecultura.ro\/index.php\/wp-json\/wp\/v2\/posts"}],"about":[{"href":"https:\/\/evs.curbadecultura.ro\/index.php\/wp-json\/wp\/v2\/types\/post"}],"author":[{"embeddable":true,"href":"https:\/\/evs.curbadecultura.ro\/index.php\/wp-json\/wp\/v2\/users\/64"}],"replies":[{"embeddable":true,"href":"https:\/\/evs.curbadecultura.ro\/index.php\/wp-json\/wp\/v2\/comments?post=3384"}],"version-history":[{"count":6,"href":"https:\/\/evs.curbadecultura.ro\/index.php\/wp-json\/wp\/v2\/posts\/3384\/revisions"}],"predecessor-version":[{"id":3397,"href":"https:\/\/evs.curbadecultura.ro\/index.php\/wp-json\/wp\/v2\/posts\/3384\/revisions\/3397"}],"wp:attachment":[{"href":"https:\/\/evs.curbadecultura.ro\/index.php\/wp-json\/wp\/v2\/media?parent=3384"}],"wp:term":[{"taxonomy":"category","embeddable":true,"href":"https:\/\/evs.curbadecultura.ro\/index.php\/wp-json\/wp\/v2\/categories?post=3384"},{"taxonomy":"post_tag","embeddable":true,"href":"https:\/\/evs.curbadecultura.ro\/index.php\/wp-json\/wp\/v2\/tags?post=3384"}],"curies":[{"name":"wp","href":"https:\/\/api.w.org\/{rel}","templated":true}]}}