{"id":2143,"date":"2019-02-01T14:08:40","date_gmt":"2019-02-01T12:08:40","guid":{"rendered":"http:\/\/evs.curbadecultura.ro\/?p=2143"},"modified":"2019-03-12T06:36:09","modified_gmt":"2019-03-12T04:36:09","slug":"portret-de-voluntar-rita-done","status":"publish","type":"post","link":"https:\/\/evs.curbadecultura.ro\/index.php\/2019\/02\/01\/portret-de-voluntar-rita-done\/","title":{"rendered":"Portret de Voluntar &#8211; Rita (Portugalia)"},"content":{"rendered":"<p style=\"padding-left: 30px;\"><img decoding=\"async\" loading=\"lazy\" class=\"alignleft wp-image-2149 \" src=\"http:\/\/evs.curbadecultura.ro\/wp-content\/uploads\/2019\/01\/46439063_2177912469156440_505194123737694208_n.jpg\" alt=\"\" width=\"326\" height=\"326\" srcset=\"https:\/\/evs.curbadecultura.ro\/wp-content\/uploads\/2019\/01\/46439063_2177912469156440_505194123737694208_n.jpg 1224w, https:\/\/evs.curbadecultura.ro\/wp-content\/uploads\/2019\/01\/46439063_2177912469156440_505194123737694208_n-150x150.jpg 150w, https:\/\/evs.curbadecultura.ro\/wp-content\/uploads\/2019\/01\/46439063_2177912469156440_505194123737694208_n-300x300.jpg 300w, https:\/\/evs.curbadecultura.ro\/wp-content\/uploads\/2019\/01\/46439063_2177912469156440_505194123737694208_n-768x768.jpg 768w, https:\/\/evs.curbadecultura.ro\/wp-content\/uploads\/2019\/01\/46439063_2177912469156440_505194123737694208_n-1024x1024.jpg 1024w\" sizes=\"(max-width: 326px) 100vw, 326px\" \/>I&#8217;ve been asked to write or talk about myself too many times and every time you do it, you are not saying anything that is actually important, because what we say is how we want to be seen, perceived and not that many times what we think about ourselves and ultimately almost never who we are. My honesty always felt bad about this kind of thing, because if I get too honest people will probably have a hard time understanding me, if I am not I am going against what I believe. This is some sort of paradox, product of my own overthinking.<\/p>\n<p>Once, a friend told me, to think about the things I put in my showcase. He thought that my decisions of what to put in it, like being scared of cats and not liking to climb stairs when they don&#8217;t seem safe, was not the most appealing information. So I decided to change it. In my showcase, in big letters, you can see now some things like THEATRE and READING.\u00a0 Also you will see TRAVELS and EXTREME CURIOSITY. WRITER.<\/p>\n<p>I am from Portugal, that might be a good thing to keep there, doesn&#8217;t have to be in big letters anymore. I should also say I am 24 yo. I have a Degree in Theatre and I like to write, above everything else.<\/p>\n<p>And that is about all I am going to say, for now. But sure will be posting soon, hopefully.<\/p>\n<p>&nbsp;<\/p>\n<p>Mi-a fost cerut s\u0103 scriu sau s\u0103 vorbesc despre mine de prea multe ori \u0219i de fiecare dat\u0103 c\u00e2nd o fac, nu spun ceva ce e cu adev\u0103rat important, pentru c\u0103 ceea ce spunem este cum vrem s\u0103 fim v\u0103zu\u021bi, percepu\u021bi \u0219i nu de a\u0219a multe ori ceea ce credem despre noi \u00een\u0219ine, \u0219i p\u00e2n\u0103 la urm\u0103 aproape niciodat\u0103 cine suntem. Onestitatea mea mereu s-a sim\u021bit r\u0103u \u00een leg\u0103tur\u0103 cu astfel de lucruri, pentru c\u0103 dac\u0103 sunt prea sincer\u0103 probabil oamenii vor avea dificult\u0103\u021bi \u00een a m\u0103 \u00een\u021belege, dar dac\u0103 nu sunt merg \u00eempotriva a ceea ce cred. Acesta este un fel de paradox, produs al propriului meu g\u00e2ndit excesiv<\/p>\n<p>C\u00e2ndva, un prieten mi-a spus, s\u0103 m\u0103 g\u00e2ndesc la lucrurile pe care le pun \u00een vitrina mea. El credea c\u0103 deciziile mele \u00een leg\u0103tur\u0103 cu ceea ce s\u0103 pun \u00een ea, ca a fi speriat\u0103 de pisici \u0219i a nu \u00eemi pl\u0103cea s\u0103 urc sc\u0103ri c\u00e2nd nu par sigure, nu era cea mai atr\u0103g\u0103toare informa\u021bie. A\u0219a c\u0103 am decis s\u0103 o schimb.\u00a0 \u00cen vitrina mea, cu litere mari, po\u021bi vedea acum ni\u0219te lucruri precum TEATRU \u0219i CITIT. De asemenea vei vedea C\u0102L\u0102TORII \u0218I CURIOZITATE EXTREM\u0102. SCRIITOR.<\/p>\n<p>Sunt din Portugalia, acesta ar putea fi un lucru bun de \u021binut acolo, nu trebuie s\u0103 mai fie \u00een litere mari. Ar mai trebui \u0219i s\u0103 spun c\u0103 am 24 de ani. Am o diplom\u0103 \u00een teatru \u0219i \u00eemi place s\u0103 scriu, mai presus dec\u00e2t orice.<\/p>\n<p>\u0218i asta este cam tot ceea ce am de g\u00e2nd s\u0103 spun, penteu moment. Dar voi posta din nou cur\u00e2nd, sper.<\/p>\n<p>&nbsp;<\/p>\n<hr \/>\n<p>Rita este \u00een Rom\u00e2nia pentru o perioad\u0103 de opt luni, din ianuarie 2019 p\u00e2n\u0103 \u00een septembrie 2019, \u00een cadrul proiectului\u00a0<em>Building Youth Supportive Communities \u2013 Environment<\/em>\u00a0[2017-2-RO01-KA105-037748]\u00a0proiect co-finan\u021bat de Uniunea European\u0103 prin Programul Erasmus+ \u0219i implementat \u00een Rom\u00e2nia de c\u0103tre<strong>\u00a0Curba de Cultur\u0103.\u00a0<\/strong><\/p>\n","protected":false},"excerpt":{"rendered":"<div class=\"slide-text-bg2\"><span>I&#8217;ve been asked to write or talk about myself too many times and every time you do it, you are not saying anything that is actually important, becaus<\/span><\/div>\n<div class=\"slide-btn-area-sm\"><a href=\"https:\/\/evs.curbadecultura.ro\/index.php\/2019\/02\/01\/portret-de-voluntar-rita-done\/\" class=\"slide-btn-sm\">Read More<\/a><\/div>\n","protected":false},"author":33,"featured_media":0,"comment_status":"open","ping_status":"open","sticky":false,"template":"","format":"standard","meta":[],"categories":[78,86,5],"tags":[81],"_links":{"self":[{"href":"https:\/\/evs.curbadecultura.ro\/index.php\/wp-json\/wp\/v2\/posts\/2143"}],"collection":[{"href":"https:\/\/evs.curbadecultura.ro\/index.php\/wp-json\/wp\/v2\/posts"}],"about":[{"href":"https:\/\/evs.curbadecultura.ro\/index.php\/wp-json\/wp\/v2\/types\/post"}],"author":[{"embeddable":true,"href":"https:\/\/evs.curbadecultura.ro\/index.php\/wp-json\/wp\/v2\/users\/33"}],"replies":[{"embeddable":true,"href":"https:\/\/evs.curbadecultura.ro\/index.php\/wp-json\/wp\/v2\/comments?post=2143"}],"version-history":[{"count":10,"href":"https:\/\/evs.curbadecultura.ro\/index.php\/wp-json\/wp\/v2\/posts\/2143\/revisions"}],"predecessor-version":[{"id":2263,"href":"https:\/\/evs.curbadecultura.ro\/index.php\/wp-json\/wp\/v2\/posts\/2143\/revisions\/2263"}],"wp:attachment":[{"href":"https:\/\/evs.curbadecultura.ro\/index.php\/wp-json\/wp\/v2\/media?parent=2143"}],"wp:term":[{"taxonomy":"category","embeddable":true,"href":"https:\/\/evs.curbadecultura.ro\/index.php\/wp-json\/wp\/v2\/categories?post=2143"},{"taxonomy":"post_tag","embeddable":true,"href":"https:\/\/evs.curbadecultura.ro\/index.php\/wp-json\/wp\/v2\/tags?post=2143"}],"curies":[{"name":"wp","href":"https:\/\/api.w.org\/{rel}","templated":true}]}}