{"id":16,"date":"2015-05-25T14:13:33","date_gmt":"2015-05-25T18:13:33","guid":{"rendered":"http:\/\/evs.curbadecultura.ro\/?p=16"},"modified":"2016-04-28T14:40:05","modified_gmt":"2016-04-28T18:40:05","slug":"care-i-treaba-cu-sev-ul","status":"publish","type":"post","link":"https:\/\/evs.curbadecultura.ro\/index.php\/2015\/05\/25\/care-i-treaba-cu-sev-ul\/","title":{"rendered":"Care-i treaba cu SEV-ul?"},"content":{"rendered":"<p><img decoding=\"async\" loading=\"lazy\" class=\"size-medium wp-image-17 alignleft\" src=\"http:\/\/evs.curbadecultura.ro\/wp-content\/uploads\/2016\/04\/aiccsevs-300x225.jpg\" alt=\"aiccsevs\" width=\"300\" height=\"225\" srcset=\"https:\/\/evs.curbadecultura.ro\/wp-content\/uploads\/2016\/04\/aiccsevs-300x225.jpg 300w, https:\/\/evs.curbadecultura.ro\/wp-content\/uploads\/2016\/04\/aiccsevs-768x576.jpg 768w, https:\/\/evs.curbadecultura.ro\/wp-content\/uploads\/2016\/04\/aiccsevs.jpg 960w\" sizes=\"(max-width: 300px) 100vw, 300px\" \/>Dup\u0103 cum spuneam \u00een articolul anterior\u00a0<em>Asocia\u021bia Curba de Cultur\u0103<\/em> a \u00eenceput s\u0103 g\u0103zduiasc\u0103 voluntari SEV (EVS \u00een englez\u0103 &#8211; European Voluntary Service), iar Sophie este prima voluntar\u0103 sosit\u0103 aici la \u00eenceputul lunii mai. Iar acum m\u0103 ve\u021bi \u00eentreba ce \u00eenseamn\u0103 mai exact SEV.<\/p>\n<p>Ei bine, Serviciul European de Voluntariat reprezint\u0103 cea mai bun\u0103 \u0219i mai la \u00eendem\u00e2n\u0103 modalitate pentru tineri de a \u00eenv\u0103\u021ba, ajuta \u0219i c\u0103l\u0103tori \u00eentr-o alt\u0103 \u021bar\u0103. De ce e cea mai bun\u0103 modalitate? Pentru ca vine cu o multitudine de avantaje:<\/p>\n<ul>\n<li>ai ocazia de a tr\u0103i independent \u0219i de a vedea c\u00e2t de bine te descurci<\/li>\n<li>ai ocazia de a pune \u00een aplicare ideile propriu \u0219i prime\u0219ti \u0219i ajutor pentru asta<\/li>\n<li>ai ocazia de a socializa cu oameni pe care altfel nici nu te g\u00e2ndeai c\u0103 i-ai putea \u00eent\u00e2lni<\/li>\n<li>ai ocazia de a \u00eenv\u0103\u021ba \u00een toate modurile posibile, prin ceea ce munce\u0219ti, prin c\u0103l\u0103torii pe care le faci, prin oamenii cu care \u00ee\u021bi petreci timpul \u0219i prin simplul fapt de a locui altundeva dec\u00e2t acas\u0103 cu p\u0103rin\u021bii.<\/li>\n<\/ul>\n<p>\u00cen plus nu trebuie s\u0103 pl\u0103te\u0219ti cazare, facturi, transport local ori s\u0103 te \u00eengrijorezi cu ce vei face cump\u0103r\u0103turi, deoarece toate acestea sunt deja prev\u0103zute \u00een proiect. Ba mai mult prime\u0219ti banii de transport \u00eenapoi, ai cursuri pentru limba \u021b\u0103rii \u00een care vei fi voluntar, ai o asigurare medical\u0103 complet\u0103 \u0219i mai prime\u0219ti chiar \u0219i ni\u0219te bani de buzunar.<\/p>\n<p>Ce mai a\u0219tep\u021bi? <a href=\"https:\/\/europa.eu\/youth\/volunteering\/project_en\">Caut\u0103<\/a> acum proiectul care \u021bi se potrive\u0219te cel mai bine \u0219i aplic\u0103!<\/p>\n","protected":false},"excerpt":{"rendered":"<div class=\"slide-text-bg2\"><span>Dup\u0103 cum spuneam \u00een articolul anterior\u00a0Asocia\u021bia Curba de Cultur\u0103 a \u00eenceput s\u0103 g\u0103zduiasc\u0103 voluntari SEV (EVS \u00een englez\u0103 &#8211; European Volunta<\/span><\/div>\n<div class=\"slide-btn-area-sm\"><a href=\"https:\/\/evs.curbadecultura.ro\/index.php\/2015\/05\/25\/care-i-treaba-cu-sev-ul\/\" class=\"slide-btn-sm\">Read More<\/a><\/div>\n","protected":false},"author":1,"featured_media":0,"comment_status":"open","ping_status":"open","sticky":false,"template":"","format":"standard","meta":[],"categories":[5,1],"tags":[2,3],"_links":{"self":[{"href":"https:\/\/evs.curbadecultura.ro\/index.php\/wp-json\/wp\/v2\/posts\/16"}],"collection":[{"href":"https:\/\/evs.curbadecultura.ro\/index.php\/wp-json\/wp\/v2\/posts"}],"about":[{"href":"https:\/\/evs.curbadecultura.ro\/index.php\/wp-json\/wp\/v2\/types\/post"}],"author":[{"embeddable":true,"href":"https:\/\/evs.curbadecultura.ro\/index.php\/wp-json\/wp\/v2\/users\/1"}],"replies":[{"embeddable":true,"href":"https:\/\/evs.curbadecultura.ro\/index.php\/wp-json\/wp\/v2\/comments?post=16"}],"version-history":[{"count":1,"href":"https:\/\/evs.curbadecultura.ro\/index.php\/wp-json\/wp\/v2\/posts\/16\/revisions"}],"predecessor-version":[{"id":18,"href":"https:\/\/evs.curbadecultura.ro\/index.php\/wp-json\/wp\/v2\/posts\/16\/revisions\/18"}],"wp:attachment":[{"href":"https:\/\/evs.curbadecultura.ro\/index.php\/wp-json\/wp\/v2\/media?parent=16"}],"wp:term":[{"taxonomy":"category","embeddable":true,"href":"https:\/\/evs.curbadecultura.ro\/index.php\/wp-json\/wp\/v2\/categories?post=16"},{"taxonomy":"post_tag","embeddable":true,"href":"https:\/\/evs.curbadecultura.ro\/index.php\/wp-json\/wp\/v2\/tags?post=16"}],"curies":[{"name":"wp","href":"https:\/\/api.w.org\/{rel}","templated":true}]}}