{"id":157,"date":"2015-11-22T03:28:43","date_gmt":"2015-11-22T08:28:43","guid":{"rendered":"http:\/\/evs.curbadecultura.ro\/?p=157"},"modified":"2016-06-23T11:59:18","modified_gmt":"2016-06-23T15:59:18","slug":"treburi-in-gospodarie","status":"publish","type":"post","link":"https:\/\/evs.curbadecultura.ro\/index.php\/2015\/11\/22\/treburi-in-gospodarie\/","title":{"rendered":"Treburi in gospod\u0103rie"},"content":{"rendered":"<p><img decoding=\"async\" loading=\"lazy\" class=\"size-medium wp-image-158 alignleft\" src=\"http:\/\/evs.curbadecultura.ro\/wp-content\/uploads\/2016\/06\/12179920_939708976108404_1180078346_n-169x300.jpg\" alt=\"12179920_939708976108404_1180078346_n\" width=\"169\" height=\"300\" srcset=\"https:\/\/evs.curbadecultura.ro\/wp-content\/uploads\/2016\/06\/12179920_939708976108404_1180078346_n-169x300.jpg 169w, https:\/\/evs.curbadecultura.ro\/wp-content\/uploads\/2016\/06\/12179920_939708976108404_1180078346_n.jpg 540w\" sizes=\"(max-width: 169px) 100vw, 169px\" \/>\u0218i cum iarna se apropie schimb\u0103ri \u0219i \u00eembun\u0103t\u0103\u021biri au fost aduse casei \u00een care locuiesc voluntarii SEV.<\/p>\n<p>Pe l\u00e2ng\u0103 \u00eenlocuirea ferestrelor clasice cu unele de termopan \u0219i izolarea peretilor casei a fost adus \u0219i un transport mare de lemne. Acestea \u00eempreun\u0103 cu o cantitate asem\u0103n\u0103toare existent\u0103 deja vor asigura combustibilul necesar pentru sobele din cele trei dormitoare ale casei plus, camera de zi \u0219i buc\u0103t\u0103ria.<\/p>\n<p>Since winter is coming some changes and improvements were brought to the house where the volunteers live.<\/p>\n<p><img decoding=\"async\" loading=\"lazy\" class=\"size-medium wp-image-159 alignleft\" src=\"http:\/\/evs.curbadecultura.ro\/wp-content\/uploads\/2016\/06\/p1050299-300x225.jpg\" alt=\"p1050299\" width=\"300\" height=\"225\" srcset=\"https:\/\/evs.curbadecultura.ro\/wp-content\/uploads\/2016\/06\/p1050299-300x225.jpg 300w, https:\/\/evs.curbadecultura.ro\/wp-content\/uploads\/2016\/06\/p1050299-768x576.jpg 768w, https:\/\/evs.curbadecultura.ro\/wp-content\/uploads\/2016\/06\/p1050299-1024x768.jpg 1024w\" sizes=\"(max-width: 300px) 100vw, 300px\" \/>Beside replacing the classic windows with thermo-insulating ones and insulating the walls of the building also a big load of wood was brought. This wood together with a similar amount already existent will be the fuel for the masonry stoves which provide the heat in the three bedrooms, living room and kitchen.<\/p>\n<p>Now we are all prepared a bit more for the scary winter.<\/p>\n","protected":false},"excerpt":{"rendered":"<div class=\"slide-text-bg2\"><span>\u0218i cum iarna se apropie schimb\u0103ri \u0219i \u00eembun\u0103t\u0103\u021biri au fost aduse casei \u00een care locuiesc voluntarii SEV. Pe l\u00e2ng\u0103 \u00eenlocuirea ferestrelor clasice c<\/span><\/div>\n<div class=\"slide-btn-area-sm\"><a href=\"https:\/\/evs.curbadecultura.ro\/index.php\/2015\/11\/22\/treburi-in-gospodarie\/\" class=\"slide-btn-sm\">Read More<\/a><\/div>\n","protected":false},"author":1,"featured_media":0,"comment_status":"open","ping_status":"open","sticky":false,"template":"","format":"standard","meta":[],"categories":[5,1],"tags":[2,19,3],"_links":{"self":[{"href":"https:\/\/evs.curbadecultura.ro\/index.php\/wp-json\/wp\/v2\/posts\/157"}],"collection":[{"href":"https:\/\/evs.curbadecultura.ro\/index.php\/wp-json\/wp\/v2\/posts"}],"about":[{"href":"https:\/\/evs.curbadecultura.ro\/index.php\/wp-json\/wp\/v2\/types\/post"}],"author":[{"embeddable":true,"href":"https:\/\/evs.curbadecultura.ro\/index.php\/wp-json\/wp\/v2\/users\/1"}],"replies":[{"embeddable":true,"href":"https:\/\/evs.curbadecultura.ro\/index.php\/wp-json\/wp\/v2\/comments?post=157"}],"version-history":[{"count":3,"href":"https:\/\/evs.curbadecultura.ro\/index.php\/wp-json\/wp\/v2\/posts\/157\/revisions"}],"predecessor-version":[{"id":282,"href":"https:\/\/evs.curbadecultura.ro\/index.php\/wp-json\/wp\/v2\/posts\/157\/revisions\/282"}],"wp:attachment":[{"href":"https:\/\/evs.curbadecultura.ro\/index.php\/wp-json\/wp\/v2\/media?parent=157"}],"wp:term":[{"taxonomy":"category","embeddable":true,"href":"https:\/\/evs.curbadecultura.ro\/index.php\/wp-json\/wp\/v2\/categories?post=157"},{"taxonomy":"post_tag","embeddable":true,"href":"https:\/\/evs.curbadecultura.ro\/index.php\/wp-json\/wp\/v2\/tags?post=157"}],"curies":[{"name":"wp","href":"https:\/\/api.w.org\/{rel}","templated":true}]}}