{"id":1468,"date":"2018-07-21T14:56:25","date_gmt":"2018-07-21T11:56:25","guid":{"rendered":"http:\/\/evs.curbadecultura.ro\/?p=1468"},"modified":"2018-07-25T16:40:54","modified_gmt":"2018-07-25T13:40:54","slug":"portret-de-voluntar-robert-slovenia","status":"publish","type":"post","link":"https:\/\/evs.curbadecultura.ro\/index.php\/2018\/07\/21\/portret-de-voluntar-robert-slovenia\/","title":{"rendered":"Portret de voluntar &#8211; Robert (Slovenia)"},"content":{"rendered":"<p><img decoding=\"async\" loading=\"lazy\" class=\"wp-image-1474  alignleft\" src=\"http:\/\/evs.curbadecultura.ro\/wp-content\/uploads\/2018\/07\/37774453_10216980335846379_2064773422671462400_n.jpg\" alt=\"\" width=\"367\" height=\"652\" srcset=\"https:\/\/evs.curbadecultura.ro\/wp-content\/uploads\/2018\/07\/37774453_10216980335846379_2064773422671462400_n.jpg 1080w, https:\/\/evs.curbadecultura.ro\/wp-content\/uploads\/2018\/07\/37774453_10216980335846379_2064773422671462400_n-169x300.jpg 169w, https:\/\/evs.curbadecultura.ro\/wp-content\/uploads\/2018\/07\/37774453_10216980335846379_2064773422671462400_n-768x1365.jpg 768w, https:\/\/evs.curbadecultura.ro\/wp-content\/uploads\/2018\/07\/37774453_10216980335846379_2064773422671462400_n-576x1024.jpg 576w\" sizes=\"(max-width: 367px) 100vw, 367px\" \/>Hello, my name is Robert and I am a 23 year old Slovenian. I am a medical technician by trade but I am not really keen to seek carrier in this field. I am a big fan of pristine nature, animals and culture. Although I am open minded and accepting I will not yield to bigoted traditions and blatant hypocrisy of religions. I have many good friends who have different gods and culture and I enjoy sharing a pleasant debate with them. Although I am certain there is no inherent reason to anything I am aware we need to create our own meaning in life.<\/p>\n<p>I am a big fan of free speech and I am grateful I live in an open society where it is allowed to speak your thoughts. If I were given a choice between security and freedom I&#8217;d choose freedom. I consider myself to be a kind person and one that can adapt to multiple situations. I sincerely hope that situation regarding ecological consciousness and environmental protection (littering and consumption of non-renewable energy sources) will get better in my life-span. This is also why I choose the environmental project for my EVS. I do hope that one day all people will accept nature as their friend and not enemy, for we are nature ourselves. I laugh at people when they think they are superior to other living beings, sure we are different but if we were superior we wouldn&#8217;t be poisoning ourselves and everything around us. But as a saying goes: baby steps. And I do believe we are making our first ones already.<\/p>\n<p>Salut, eu sunt Robert am 23 de ai \u0219i sunt sloven. Sunt asistent medical prin natura studiilor dar nu m\u0103 pasioneaz\u0103 o carier\u0103 \u00een domeniu. Sunt fan al unei naturi curate, culturii \u0219i animalelor. De\u0219i sunt deschis la minte nu voi accepta tradi\u021biile bigote \u0219i ipocrizia religiilor. Am mul\u021bi prieteni care fac parte din diferite culturi cu diferite zeit\u0103\u021bi \u0219i chiar \u00eemi place s\u0103 am diferite discu\u021bii cu ei. \u0218i de\u0219i sunt sigur c\u0103 lucrurile \u00een general nu se \u00eent\u00e2mpl\u0103 cu un motiv anume, sunt con\u0219tient c\u0103 trebuie s\u0103 ne creem propriul scop \u00een via\u021b\u0103.<\/p>\n<p>Sunt mare fan al libert\u0103\u021bii de expresie \u0219i m\u0103 bucur c\u0103 putem tr\u0103i \u00eentr-o societate deschis\u0103 care ne permite s\u0103 d\u0103m glas g\u00e2ndurilor. Dac\u0103 ar fi s\u0103 aleg \u00eentre siguran\u021b\u0103 \u0219i libertate, a\u0219 alege libertatrea. M\u0103 consider o persoan\u0103 care se poate adapta multiplelor situa\u021bii. \u0218i sper sincer ca situa\u021bia protec\u021biei mediului \u0219i a con\u0219tiin\u021bei ecologice (aruncarea gunoiului \u0219i consumul energiilor neregenerabile) s\u0103 se \u00eembun\u0103t\u0103\u021beasc\u0103. Din acest motiv am ales acest proiect de mediu pentru SEV-ul meu. Sper ca \u00eentr-o bun\u0103 zi oamenii s\u0103 accepte natura ca pe un prieten \u0219i nu ca pe un du\u0219man, c\u0103ci p\u00e2n\u0103 la urm\u0103 suntem parte din natur\u0103. Oamenii care cred c\u0103 suntem superiori altor fiin\u021be, m\u0103 fac s\u0103 r\u00e2d, c\u0103ci dac\u0103 am fi superiori cu siguran\u021b\u0103 nu ne-am otr\u0103vi pe noi \u0219i ceea ce este \u00een jurul nostru. Dar cum zice vorba: pa\u0219i mici. \u0218i cred c\u0103 \u00eei facem pe ai no\u0219tri deja.<\/p>\n<hr \/>\n<p>Robert este \u00een Rom\u00e2nia pentru o perioad\u0103 de cinci luni, din iulie 2018 p\u00e2n\u0103 \u00een noiembrie 2018, \u00een cadrul proiectului\u00a0<em>Building Youth supportive Communities \u2013 Environment<\/em>\u00a0[2017-2-RO01-KA105-037748]\u00a0proiect co-finan\u021bat de Uniunea European\u0103 prin Programul Erasmus+ \u0219i implementat \u00een Rom\u00e2nia de c\u0103tre<strong>\u00a0Curba de Cultur\u0103.\u00a0<\/strong><\/p>\n","protected":false},"excerpt":{"rendered":"<div class=\"slide-text-bg2\"><span>Hello, my name is Robert and I am a 23 year old Slovenian. I am a medical technician by trade but I am not really keen to seek carrier in this field. I am <\/span><\/div>\n<div class=\"slide-btn-area-sm\"><a href=\"https:\/\/evs.curbadecultura.ro\/index.php\/2018\/07\/21\/portret-de-voluntar-robert-slovenia\/\" class=\"slide-btn-sm\">Read More<\/a><\/div>\n","protected":false},"author":27,"featured_media":0,"comment_status":"open","ping_status":"open","sticky":false,"template":"","format":"standard","meta":[],"categories":[78,86,5],"tags":[],"_links":{"self":[{"href":"https:\/\/evs.curbadecultura.ro\/index.php\/wp-json\/wp\/v2\/posts\/1468"}],"collection":[{"href":"https:\/\/evs.curbadecultura.ro\/index.php\/wp-json\/wp\/v2\/posts"}],"about":[{"href":"https:\/\/evs.curbadecultura.ro\/index.php\/wp-json\/wp\/v2\/types\/post"}],"author":[{"embeddable":true,"href":"https:\/\/evs.curbadecultura.ro\/index.php\/wp-json\/wp\/v2\/users\/27"}],"replies":[{"embeddable":true,"href":"https:\/\/evs.curbadecultura.ro\/index.php\/wp-json\/wp\/v2\/comments?post=1468"}],"version-history":[{"count":4,"href":"https:\/\/evs.curbadecultura.ro\/index.php\/wp-json\/wp\/v2\/posts\/1468\/revisions"}],"predecessor-version":[{"id":1475,"href":"https:\/\/evs.curbadecultura.ro\/index.php\/wp-json\/wp\/v2\/posts\/1468\/revisions\/1475"}],"wp:attachment":[{"href":"https:\/\/evs.curbadecultura.ro\/index.php\/wp-json\/wp\/v2\/media?parent=1468"}],"wp:term":[{"taxonomy":"category","embeddable":true,"href":"https:\/\/evs.curbadecultura.ro\/index.php\/wp-json\/wp\/v2\/categories?post=1468"},{"taxonomy":"post_tag","embeddable":true,"href":"https:\/\/evs.curbadecultura.ro\/index.php\/wp-json\/wp\/v2\/tags?post=1468"}],"curies":[{"name":"wp","href":"https:\/\/api.w.org\/{rel}","templated":true}]}}