{"id":1441,"date":"2018-07-16T17:14:06","date_gmt":"2018-07-16T14:14:06","guid":{"rendered":"http:\/\/evs.curbadecultura.ro\/?p=1441"},"modified":"2018-08-07T09:33:45","modified_gmt":"2018-08-07T06:33:45","slug":"call-for-a-romanian-volunteer","status":"publish","type":"post","link":"https:\/\/evs.curbadecultura.ro\/index.php\/2018\/07\/16\/call-for-a-romanian-volunteer\/","title":{"rendered":"Call for a Romanian volunteer"},"content":{"rendered":"<p><img decoding=\"async\" loading=\"lazy\" class=\"alignnone wp-image-1443 \" src=\"http:\/\/evs.curbadecultura.ro\/wp-content\/uploads\/2018\/07\/LV2018_Banner_CeplisYouth.jpg\" alt=\"\" width=\"811\" height=\"456\" srcset=\"https:\/\/evs.curbadecultura.ro\/wp-content\/uploads\/2018\/07\/LV2018_Banner_CeplisYouth.jpg 1000w, https:\/\/evs.curbadecultura.ro\/wp-content\/uploads\/2018\/07\/LV2018_Banner_CeplisYouth-300x169.jpg 300w, https:\/\/evs.curbadecultura.ro\/wp-content\/uploads\/2018\/07\/LV2018_Banner_CeplisYouth-768x432.jpg 768w\" sizes=\"(max-width: 811px) 100vw, 811px\" \/><\/p>\n<p>Partenerul nostru Funda\u021bia Comunitar\u0103 Valmiera (<a href=\"http:\/\/www.vnf.lv\/\">Valmieras novada fonds<\/a>) caut\u0103 un t\u00e2n\u0103r rom\u00e2n care s\u0103 organizeze activit\u0103\u021bi \u00eempreun\u0103 cu ei \u00een centrul de tineret al funda\u021biei, in Valmiera, Letonia.<\/p>\n<p>Prin urmare, dac\u0103 ai:<\/p>\n<ul>\n<li><em>\u00eentre 17 \u0219i 30 de ani<\/em><\/li>\n<li><em>e\u0219ti activ, lucrezi cu entuziasm \u0219i responsabilitate<\/em><\/li>\n<li><em>e\u0219ti sociabil \u0219i te po\u021bi organiza \u0219i singur c\u00e2nd e cazul<\/em><\/li>\n<li><em>e\u0219ti creativ \u0219i dornic s\u0103 \u00ee\u021bi pui ideile \u00een practic\u0103<\/em><\/li>\n<li><em>ai un an la dispozi\u021bie \u00eencep\u00e2nd din octombrie<\/em><\/li>\n<li><em>\u0219i dac\u0103 mai \u0219tii \u0219i un pic de englez\u0103<\/em><\/li>\n<\/ul>\n<p>e\u0219ti potrivit pentru proiectul nostru de voluntariat.<\/p>\n<p>Partenerii no\u0219tri din Letonia \u00ee\u021bi vor asigura cazarea, o aloca\u021bie pentru mas\u0103, bani de buzunar, transport local \u0219i credit pentru telefon. Pe l\u00e2ng\u0103 asta, prime\u0219ti asigurare medical\u0103 \u0219i rambursarea transportului p\u00e2n\u0103 acolo \u0219i \u00eenapoi, \u00een limita a 275 euro.<\/p>\n<p>Ce altceva mai prime\u0219ti?<\/p>\n<ul>\n<li><em>cuno\u0219tin\u021be despre domeniul tineretului \u0219i a politicilor de tineret<\/em><\/li>\n<li><em>cuno\u0219tin\u021be \u0219i abilit\u0103\u021bi de planificare, organizare \u0219i implementare de activit\u0103\u021bi cu tinerii<\/em><\/li>\n<li><em>posibilitatea de a-\u021bi transforma ideile \u00een proiecte \u0219i de a influen\u021ba tinerii de acolo \u00eentr-un mod pozitiv<\/em><\/li>\n<li><em>experien\u021b\u0103 de munc\u0103 \u00een organizarea de evenimente, managerierea de proiecte, promovare \u0219i comunicare<\/em><\/li>\n<li><em>traiul independent \u0219i \u00eentr-o alt\u0103 \u021bar\u0103<\/em><\/li>\n<li><em>posibilitatea de a \u00eenv\u0103\u021ba leton\u0103 \u0219i de a-\u021bi extinde cercul de prieteni<\/em><\/li>\n<\/ul>\n<p>Dac\u0103 sun\u0103 c\u00e2t de c\u00e2t bine ceea ce prime\u0219ti, uite c\u00e2t de simplu este s\u0103 le prime\u0219ti. Sarcinile \u0219i responsabilit\u0103\u021bile tale vor fi:<\/p>\n<ul>\n<li><em>s\u0103 promovezi \u201eCeplis\u201d drept un loc deschis pentru tineri<\/em><\/li>\n<li><em>s\u0103 organizezi \u0219i promovezi evenimente precum: seri de boardgames, seri de film, ateliere media, col\u021buri literare, cluburi de limbi str\u0103ine, ateliere de teatru \u0219i orice alte idei mai ai tu.<\/em><\/li>\n<li><em>s\u0103 aju\u021bi echipa \u201eyouth bank\u201d la activit\u0103\u021bi de fundraising<\/em><\/li>\n<li><em>s\u0103 motivezi \u0219i s\u0103 sprijini tinerii din comunitate s\u0103 fac\u0103 \u0219i ei evenimente ori s\u0103 ia prte la proiecte interna\u021bionale.<\/em><\/li>\n<\/ul>\n<p>Mai multe detalii despre activit\u0103\u021bile organiza\u021biei gazd\u0103, <a href=\"https:\/\/www.facebook.com\/JauniesuCeplis\/\">aici<\/a>.<\/p>\n<p>Ce zici? Te bagi la un an de aventur\u0103 \u00een Letonia?<\/p>\n<p><strong>DA? <\/strong><\/p>\n<p>Trimite-ne un CV \u0219i o scrisoare de inten\u021bie p\u00e2n\u0103 pe 15 august 2018 ora 23.59, \u00een care s\u0103 ne spui de ce vrei s\u0103 petreci un an \u00een Letonia \u0219i ce pl\u0103nuie\u0219ti s\u0103 faci acolo. Ambele documente trebuie s\u0103 fie \u00een englez\u0103. Adresa de mail la care le trimi\u021bi \u0219i la care po\u021bi cere clarific\u0103ri ori mai multe informa\u021bii este <a href=\"mailto:sorin@curbadecultura.ro\">sorin@curbadecultura.ro<\/a><\/p>\n<p>Abia a\u0219tept\u0103m s\u0103 te trimitem \u00een aceast\u0103 aventur\u0103!<\/p>\n","protected":false},"excerpt":{"rendered":"<div class=\"slide-text-bg2\"><span>Partenerul nostru Funda\u021bia Comunitar\u0103 Valmiera (Valmieras novada fonds) caut\u0103 un t\u00e2n\u0103r rom\u00e2n care s\u0103 organizeze activit\u0103\u021bi \u00eempreun\u0103 cu ei \u00een ce<\/span><\/div>\n<div class=\"slide-btn-area-sm\"><a href=\"https:\/\/evs.curbadecultura.ro\/index.php\/2018\/07\/16\/call-for-a-romanian-volunteer\/\" class=\"slide-btn-sm\">Read More<\/a><\/div>\n","protected":false},"author":5,"featured_media":0,"comment_status":"open","ping_status":"open","sticky":false,"template":"","format":"standard","meta":[],"categories":[86,62,5],"tags":[],"_links":{"self":[{"href":"https:\/\/evs.curbadecultura.ro\/index.php\/wp-json\/wp\/v2\/posts\/1441"}],"collection":[{"href":"https:\/\/evs.curbadecultura.ro\/index.php\/wp-json\/wp\/v2\/posts"}],"about":[{"href":"https:\/\/evs.curbadecultura.ro\/index.php\/wp-json\/wp\/v2\/types\/post"}],"author":[{"embeddable":true,"href":"https:\/\/evs.curbadecultura.ro\/index.php\/wp-json\/wp\/v2\/users\/5"}],"replies":[{"embeddable":true,"href":"https:\/\/evs.curbadecultura.ro\/index.php\/wp-json\/wp\/v2\/comments?post=1441"}],"version-history":[{"count":6,"href":"https:\/\/evs.curbadecultura.ro\/index.php\/wp-json\/wp\/v2\/posts\/1441\/revisions"}],"predecessor-version":[{"id":1490,"href":"https:\/\/evs.curbadecultura.ro\/index.php\/wp-json\/wp\/v2\/posts\/1441\/revisions\/1490"}],"wp:attachment":[{"href":"https:\/\/evs.curbadecultura.ro\/index.php\/wp-json\/wp\/v2\/media?parent=1441"}],"wp:term":[{"taxonomy":"category","embeddable":true,"href":"https:\/\/evs.curbadecultura.ro\/index.php\/wp-json\/wp\/v2\/categories?post=1441"},{"taxonomy":"post_tag","embeddable":true,"href":"https:\/\/evs.curbadecultura.ro\/index.php\/wp-json\/wp\/v2\/tags?post=1441"}],"curies":[{"name":"wp","href":"https:\/\/api.w.org\/{rel}","templated":true}]}}