{"id":839,"date":"2017-08-27T09:26:53","date_gmt":"2017-08-27T06:26:53","guid":{"rendered":"http:\/\/evs.curbadecultura.ro\/?p=839"},"modified":"2017-10-17T17:21:27","modified_gmt":"2017-10-17T14:21:27","slug":"the-volunteers-house-casa-voluntarilor","status":"publish","type":"post","link":"http:\/\/evs.curbadecultura.ro\/index.php\/2017\/08\/27\/the-volunteers-house-casa-voluntarilor\/","title":{"rendered":"The volunteers&#8217; house &#8211; Casa voluntarilor"},"content":{"rendered":"<p>Today you are invited to an exclusive tour of the volunteers&#8217; house in Schiule\u015fti. Bine a\u0163i venit!<\/p>\n<p>Ast\u0103zi sunte\u021bi invita\u021bi la un tur exclusiv al casei voluntarilor \u00een Schiule\u0219ti.<\/p>\n<p><img decoding=\"async\" loading=\"lazy\" class=\"alignleft wp-image-840 size-medium\" src=\"http:\/\/evs.curbadecultura.ro\/wp-content\/uploads\/2017\/08\/IMG_5883-300x200.jpg\" alt=\"House - yard\" width=\"300\" height=\"200\" \/><\/p>\n<p>When it rains the yard turns into a swimming pool but during summer we spend most of our time outside. Right now we have baby swallows under the roof! They poop a lot, so we have to choose carefully where to sit.<\/p>\n<p>C\u00e2nd plou\u0103 curtea noastr\u0103 se transform\u0103 \u00eentr-o piscin\u0103, dar pe timpul verii ne petrecem cel mai mult timp afar\u0103. Chiar acum avem pui de r\u00e2ndunele \u00een cuibul de sub acoperi\u0219! Ace\u0219tia fac mult\u0103 mizerie, prin urmare trebuie s\u0103 alegem cu grij\u0103 unde ne a\u0219ez\u0103m.<\/p>\n<p><img decoding=\"async\" loading=\"lazy\" class=\"size-medium wp-image-841 alignright\" src=\"http:\/\/evs.curbadecultura.ro\/wp-content\/uploads\/2017\/08\/IMG_5886-300x200.jpg\" alt=\"IMG_5886\" width=\"300\" height=\"200\" \/>The hammock is the best place for naps! One time I fell asleep on the hammock and the others thought I was just a pile of clothes so they got worried because they couldn&#8217;t find me anywhere.<\/p>\n<p>Hamacul e cel mai bun loc pentru somnul de dup\u0103-amiaz\u0103! O dat\u0103 am adormit \u00een hamac iar ceilal\u021bi au crezut c\u0103 sunt doar o gr\u0103made de haine \u0219i s-au \u00eengrijorat c\u00e2nd nu m-au putu g\u0103si.<\/p>\n<p>&nbsp;<\/p>\n<p>&nbsp;<\/p>\n<p lang=\"zxx\"><img decoding=\"async\" loading=\"lazy\" class=\"wp-image-842 size-medium alignleft\" src=\"http:\/\/evs.curbadecultura.ro\/wp-content\/uploads\/2017\/08\/IMG_5885-300x200.jpg\" alt=\"IMG_5885\" width=\"300\" height=\"200\" \/><\/p>\n<p lang=\"zxx\">The kitchen is a separate building from the main house. Recently I saw a mouse running around, but it hasn&#8217;t pooped everywhere yet, unlike the birds. The joys of country life!<\/p>\n<p lang=\"zxx\">Buc\u0103t\u0103ria este o cl\u0103dire separat\u0103 de cas\u0103. Recent am v\u0103zut un soarece alerg\u00e2nd, dar nu a f\u0103cut mizerie nic\u0103rieri, \u00eenc\u0103, spre deosebire de p\u0103s\u0103ri. Bucuriile vie\u021bii la \u021bar\u0103!<\/p>\n<p lang=\"zxx\"><img decoding=\"async\" loading=\"lazy\" class=\"wp-image-843 size-medium alignright\" src=\"http:\/\/evs.curbadecultura.ro\/wp-content\/uploads\/2017\/08\/IMG_5910-300x200.jpg\" alt=\"IMG_5910\" width=\"300\" height=\"200\" \/><\/p>\n<p lang=\"zxx\">Intercultural decoration in the living room! These flags are from the intercultural event we organized in July in Izvoarele.<\/p>\n<p lang=\"zxx\">\u00cen camera de zi am pus decora\u021biuni interculturale. Aceste steaguri sunt de la evenimentul intercultural organizat \u00een iulie, \u00een Izvoarele.<\/p>\n<p lang=\"zxx\"><img decoding=\"async\" loading=\"lazy\" class=\"wp-image-845 size-medium alignleft\" src=\"http:\/\/evs.curbadecultura.ro\/wp-content\/uploads\/2017\/08\/IMG_5888-300x200.jpg\" alt=\"IMG_5888\" width=\"300\" height=\"200\" \/><\/p>\n<p lang=\"zxx\"><a href=\"http:\/\/evs.curbadecultura.ro\/index.php\/2017\/06\/11\/alba\/\">Alba<\/a> and I bought some super kitsch wall decoration for our room from the chinesse shop. It&#8217;s so fancy, we love it.<\/p>\n<p lang=\"zxx\">Eu \u0219i Alba am cump\u0103rat ni\u0219te decora\u021biuni super kitchioase pentru pere\u021bii camerei noastre de la magazinul chinezesc. Sunt at\u00e2t de fancy \u0219i ne plac at\u00e2t de mult!<\/p>\n<p>&nbsp;<\/p>\n<p>&nbsp;<\/p>\n<p>&nbsp;<\/p>\n<p><img decoding=\"async\" loading=\"lazy\" class=\"wp-image-844 size-medium alignright\" src=\"http:\/\/evs.curbadecultura.ro\/wp-content\/uploads\/2017\/08\/IMG_5907-e1503414466156-200x300.jpg\" alt=\"IMG_5907\" width=\"200\" height=\"300\" srcset=\"http:\/\/evs.curbadecultura.ro\/wp-content\/uploads\/2017\/08\/IMG_5907-e1503414466156-200x300.jpg 200w, http:\/\/evs.curbadecultura.ro\/wp-content\/uploads\/2017\/08\/IMG_5907-e1503414466156-768x1152.jpg 768w, http:\/\/evs.curbadecultura.ro\/wp-content\/uploads\/2017\/08\/IMG_5907-e1503414466156-683x1024.jpg 683w\" sizes=\"(max-width: 200px) 100vw, 200px\" \/><\/p>\n<p>This is the boys&#8217; room. It&#8217;s the coldest and smallest of the house. Are they going to die in winter or are they going to kill each other first? \ud83d\ude42<\/p>\n<p>Acesta este camera b\u0103ie\u021bilor. E cea mai rece \u0219i mai mic\u0103 din toat\u0103 casa. Vor rezista ei iernii sau se vor omor\u00ee unul pe altul mai \u00eent\u00e2i? \ud83d\ude42<\/p>\n<p lang=\"zxx\"><img decoding=\"async\" loading=\"lazy\" class=\"size-medium wp-image-846 alignleft\" src=\"http:\/\/evs.curbadecultura.ro\/wp-content\/uploads\/2017\/08\/IMG_5903-300x200.jpg\" alt=\"IMG_5903\" width=\"300\" height=\"200\" \/><\/p>\n<p lang=\"zxx\"><a href=\"http:\/\/evs.curbadecultura.ro\/index.php\/2017\/04\/12\/portret-de-voluntar-estelle-franta\/\">Estelle<\/a>&#8216;s got the largest room for herself. She feels a little guilty about it, and she should! It looks so clean because she hid all of her stuff on the bed before I took this picture.<\/p>\n<p lang=\"zxx\">Estelle a primit cea mai mare camer\u0103. \u0218i se simte pu\u021bin vinovat\u0103 pentru asta, \u0219i a\u0219a \u0219i trebuie! Camera arat\u0103 at\u00e2t de curat\u0103 pentru c\u0103 \u0219i-a aruncat toate lucrurile pe pat \u00eenainte de a face poz\u0103.<\/p>\n<p lang=\"zxx\">With love, from the house of happiness in Schiule\u015fti! Cu dragoste, din casa fericirii din Schiule\u0219ti!<\/p>\n<hr \/>\n<p lang=\"zxx\">Isabella se afl\u0103 \u00een Rom\u00e2nia pentru o perioad\u0103 de 12 luni, din iunie 2017 p\u00e2n\u0103 \u00een mai 2018 \u00een cadrul proiectului Izvoarele Unveiled\u00a0(ref nr 2016-3-RO01-KA105-035584), proiect co-finan\u021bat de Uniunea European\u0103 prin Programul Erasmus+ \u0219i implementat \u00een Rom\u00e2nia de\u00a0<strong>Asocia\u021bia Curba de Cultur\u0103.\u00a0<\/strong><\/p>\n","protected":false},"excerpt":{"rendered":"<div class=\"slide-text-bg2\"><span>Today you are invited to an exclusive tour of the volunteers&#8217; house in Schiule\u015fti. Bine a\u0163i venit! Ast\u0103zi sunte\u021bi invita\u021bi la un tur exclusiv al<\/span><\/div>\n<div class=\"slide-btn-area-sm\"><a href=\"http:\/\/evs.curbadecultura.ro\/index.php\/2017\/08\/27\/the-volunteers-house-casa-voluntarilor\/\" class=\"slide-btn-sm\">Read More<\/a><\/div>\n","protected":false},"author":10,"featured_media":0,"comment_status":"open","ping_status":"open","sticky":false,"template":"","format":"standard","meta":[],"categories":[5],"tags":[69,6,74,34],"_links":{"self":[{"href":"http:\/\/evs.curbadecultura.ro\/index.php\/wp-json\/wp\/v2\/posts\/839"}],"collection":[{"href":"http:\/\/evs.curbadecultura.ro\/index.php\/wp-json\/wp\/v2\/posts"}],"about":[{"href":"http:\/\/evs.curbadecultura.ro\/index.php\/wp-json\/wp\/v2\/types\/post"}],"author":[{"embeddable":true,"href":"http:\/\/evs.curbadecultura.ro\/index.php\/wp-json\/wp\/v2\/users\/10"}],"replies":[{"embeddable":true,"href":"http:\/\/evs.curbadecultura.ro\/index.php\/wp-json\/wp\/v2\/comments?post=839"}],"version-history":[{"count":14,"href":"http:\/\/evs.curbadecultura.ro\/index.php\/wp-json\/wp\/v2\/posts\/839\/revisions"}],"predecessor-version":[{"id":886,"href":"http:\/\/evs.curbadecultura.ro\/index.php\/wp-json\/wp\/v2\/posts\/839\/revisions\/886"}],"wp:attachment":[{"href":"http:\/\/evs.curbadecultura.ro\/index.php\/wp-json\/wp\/v2\/media?parent=839"}],"wp:term":[{"taxonomy":"category","embeddable":true,"href":"http:\/\/evs.curbadecultura.ro\/index.php\/wp-json\/wp\/v2\/categories?post=839"},{"taxonomy":"post_tag","embeddable":true,"href":"http:\/\/evs.curbadecultura.ro\/index.php\/wp-json\/wp\/v2\/tags?post=839"}],"curies":[{"name":"wp","href":"https:\/\/api.w.org\/{rel}","templated":true}]}}