{"id":7,"date":"2015-05-07T13:31:26","date_gmt":"2015-05-07T17:31:26","guid":{"rendered":"http:\/\/evs.curbadecultura.ro\/?p=7"},"modified":"2016-04-28T14:12:48","modified_gmt":"2016-04-28T18:12:48","slug":"the-first-volunteer-is-here","status":"publish","type":"post","link":"http:\/\/evs.curbadecultura.ro\/index.php\/2015\/05\/07\/the-first-volunteer-is-here\/","title":{"rendered":"The first volunteer is here!"},"content":{"rendered":"<p><img decoding=\"async\" loading=\"lazy\" class=\"size-medium wp-image-8 alignleft\" src=\"http:\/\/evs.curbadecultura.ro\/wp-content\/uploads\/2016\/04\/11659223_10206169333566690_1548878053093944980_n-300x225.jpg\" alt=\"11659223_10206169333566690_1548878053093944980_n\" width=\"300\" height=\"225\" srcset=\"http:\/\/evs.curbadecultura.ro\/wp-content\/uploads\/2016\/04\/11659223_10206169333566690_1548878053093944980_n-300x225.jpg 300w, http:\/\/evs.curbadecultura.ro\/wp-content\/uploads\/2016\/04\/11659223_10206169333566690_1548878053093944980_n-768x576.jpg 768w, http:\/\/evs.curbadecultura.ro\/wp-content\/uploads\/2016\/04\/11659223_10206169333566690_1548878053093944980_n.jpg 960w\" sizes=\"(max-width: 300px) 100vw, 300px\" \/>Starting from May 2015 <em>Curba de Cultur\u0103<\/em> is hosting EVS volunteers. This is a great news for us but even a better one for the local community of Izvoarele. People here will have the chance of meeting foreigners, of speaking some words in English and of finding out more about other European countries.<\/p>\n<p>\u00cencep\u00e2nd cu luna mai 2015\u00a0<em>Curba de Cultur\u0103\u00a0<\/em>g\u0103zduie\u0219te voluntari SEV. Aceasta este o veste bun\u0103 pentru noi \u0219i una excelent\u0103 pentru comunitatea local\u0103 din Izvoarele. locuitorii comunei vor avea ocazia de a \u00eent\u00e2lni str\u0103ini, de a vorbi \u00een englez\u0103 \u0219i de a afla mai multe despre celelalte \u021b\u0103ri europene.<\/p>\n<p>Sophie France is our first volunteer here, she arrived after a long trip by bus from France and after getting used to the place and getting used to speaking only in English she&#8217;ll start the work. She seems happy to be here and excited to discover rural Romania, which is way different from rural France.<\/p>\n<p>Sophie France este primul nostru voluntar aici. Ea a venit din Fran\u021ba dup\u0103 o lung\u0103 c\u0103l\u0103torie cu autobuzul. Dup\u0103 ce se va mai obi\u0219nui pu\u021bin cu locul \u0219i cu faptul c\u0103 trebuie s\u0103 vorbeasc\u0103 doar \u00een Englez\u0103, ea va \u00eencepe munca. Este foarte \u00eenc\u00e2ntat\u0103 s\u0103 fie aici \u0219i dornic\u0103 s\u0103 descopere Rom\u00e2nia rural\u0103, care este cu mult mai diferit\u0103 de Fran\u021ba rural\u0103.<\/p>\n<p>Here you have some pictures taken by her. Iar aici ave\u021bi c\u00e2teva dintre pozele ei: \u00a0\u00a0<img decoding=\"async\" loading=\"lazy\" class=\"alignnone size-medium wp-image-9\" src=\"http:\/\/evs.curbadecultura.ro\/wp-content\/uploads\/2016\/04\/20150505_084603-300x225.jpg\" alt=\"20150505_084603\" width=\"300\" height=\"225\" srcset=\"http:\/\/evs.curbadecultura.ro\/wp-content\/uploads\/2016\/04\/20150505_084603-300x225.jpg 300w, http:\/\/evs.curbadecultura.ro\/wp-content\/uploads\/2016\/04\/20150505_084603-768x576.jpg 768w, http:\/\/evs.curbadecultura.ro\/wp-content\/uploads\/2016\/04\/20150505_084603-1024x768.jpg 1024w, http:\/\/evs.curbadecultura.ro\/wp-content\/uploads\/2016\/04\/20150505_084603.jpg 1600w\" sizes=\"(max-width: 300px) 100vw, 300px\" \/><img decoding=\"async\" loading=\"lazy\" class=\"alignnone size-medium wp-image-10\" src=\"http:\/\/evs.curbadecultura.ro\/wp-content\/uploads\/2016\/04\/20150509_110725-300x225.jpg\" alt=\"20150509_110725\" width=\"300\" height=\"225\" srcset=\"http:\/\/evs.curbadecultura.ro\/wp-content\/uploads\/2016\/04\/20150509_110725-300x225.jpg 300w, http:\/\/evs.curbadecultura.ro\/wp-content\/uploads\/2016\/04\/20150509_110725-768x576.jpg 768w, http:\/\/evs.curbadecultura.ro\/wp-content\/uploads\/2016\/04\/20150509_110725-1024x768.jpg 1024w, http:\/\/evs.curbadecultura.ro\/wp-content\/uploads\/2016\/04\/20150509_110725.jpg 1600w\" sizes=\"(max-width: 300px) 100vw, 300px\" \/><\/p>\n<p>&nbsp;<\/p>\n","protected":false},"excerpt":{"rendered":"<div class=\"slide-text-bg2\"><span>Starting from May 2015 Curba de Cultur\u0103 is hosting EVS volunteers. This is a great news for us but even a better one for the local community of Izvoarele.<\/span><\/div>\n<div class=\"slide-btn-area-sm\"><a href=\"http:\/\/evs.curbadecultura.ro\/index.php\/2015\/05\/07\/the-first-volunteer-is-here\/\" class=\"slide-btn-sm\">Read More<\/a><\/div>\n","protected":false},"author":1,"featured_media":0,"comment_status":"open","ping_status":"open","sticky":false,"template":"","format":"standard","meta":[],"categories":[5,1],"tags":[2,4,3],"_links":{"self":[{"href":"http:\/\/evs.curbadecultura.ro\/index.php\/wp-json\/wp\/v2\/posts\/7"}],"collection":[{"href":"http:\/\/evs.curbadecultura.ro\/index.php\/wp-json\/wp\/v2\/posts"}],"about":[{"href":"http:\/\/evs.curbadecultura.ro\/index.php\/wp-json\/wp\/v2\/types\/post"}],"author":[{"embeddable":true,"href":"http:\/\/evs.curbadecultura.ro\/index.php\/wp-json\/wp\/v2\/users\/1"}],"replies":[{"embeddable":true,"href":"http:\/\/evs.curbadecultura.ro\/index.php\/wp-json\/wp\/v2\/comments?post=7"}],"version-history":[{"count":4,"href":"http:\/\/evs.curbadecultura.ro\/index.php\/wp-json\/wp\/v2\/posts\/7\/revisions"}],"predecessor-version":[{"id":14,"href":"http:\/\/evs.curbadecultura.ro\/index.php\/wp-json\/wp\/v2\/posts\/7\/revisions\/14"}],"wp:attachment":[{"href":"http:\/\/evs.curbadecultura.ro\/index.php\/wp-json\/wp\/v2\/media?parent=7"}],"wp:term":[{"taxonomy":"category","embeddable":true,"href":"http:\/\/evs.curbadecultura.ro\/index.php\/wp-json\/wp\/v2\/categories?post=7"},{"taxonomy":"post_tag","embeddable":true,"href":"http:\/\/evs.curbadecultura.ro\/index.php\/wp-json\/wp\/v2\/tags?post=7"}],"curies":[{"name":"wp","href":"https:\/\/api.w.org\/{rel}","templated":true}]}}