{"id":404,"date":"2016-07-17T10:55:32","date_gmt":"2016-07-17T07:55:32","guid":{"rendered":"http:\/\/evs.curbadecultura.ro\/?p=404"},"modified":"2016-08-18T12:08:25","modified_gmt":"2016-08-18T09:08:25","slug":"brasov-lovely-city","status":"publish","type":"post","link":"http:\/\/evs.curbadecultura.ro\/index.php\/2016\/07\/17\/brasov-lovely-city\/","title":{"rendered":"Bra\u0219ov &#8211; lovely city"},"content":{"rendered":"<p><img decoding=\"async\" loading=\"lazy\" class=\"size-medium wp-image-406 alignleft\" src=\"http:\/\/evs.curbadecultura.ro\/wp-content\/uploads\/2016\/08\/P1140252-300x225.jpg\" alt=\"P1140252\" width=\"300\" height=\"225\" srcset=\"http:\/\/evs.curbadecultura.ro\/wp-content\/uploads\/2016\/08\/P1140252-300x225.jpg 300w, http:\/\/evs.curbadecultura.ro\/wp-content\/uploads\/2016\/08\/P1140252-768x576.jpg 768w, http:\/\/evs.curbadecultura.ro\/wp-content\/uploads\/2016\/08\/P1140252-1024x768.jpg 1024w\" sizes=\"(max-width: 300px) 100vw, 300px\" \/>This weekend was joyful and with some news friendships. I went to Bra\u0219ov by hitchhiking as usual. So I\u2019ve waited for a truck or a car or any rolling object to take me there. At last a truck stopped. It was a man and his 14 years old son. They were really nice and the son could speak English which was great because he could translate what his father was saying. So he drove me till the center of Bra\u0219ov (they were SO kind), and he offered me 20 lei because I told him that I forget my &#8220;sacoche&#8221; at CdC office before start hitchhiking. So I had to accept, and that money really helped me during the weekend, thank you very much truck driver.<\/p>\n<p><img decoding=\"async\" loading=\"lazy\" class=\"size-medium wp-image-405 alignleft\" src=\"http:\/\/evs.curbadecultura.ro\/wp-content\/uploads\/2016\/08\/P1140245-225x300.jpg\" alt=\"P1140245\" width=\"225\" height=\"300\" srcset=\"http:\/\/evs.curbadecultura.ro\/wp-content\/uploads\/2016\/08\/P1140245-225x300.jpg 225w, http:\/\/evs.curbadecultura.ro\/wp-content\/uploads\/2016\/08\/P1140245-768x1024.jpg 768w\" sizes=\"(max-width: 225px) 100vw, 225px\" \/>Acest weekend a fost \u00eenc\u00e2nt\u0103tor \u0219i cu noi prietenii. Am mers la Bra\u0219ov f\u0103c\u00e2nd autostopul, ca de obicei. Am a\u0219teptat un camion ori o ma\u0219in\u0103 ori vreun altfel de obiect rotitor care s\u0103 m\u0103 duc\u0103 acolo. \u00cen cele din urm\u0103 a oprit un camion. Era condus de un b\u0103rbat \u0219i fiul s\u0103u de 14 ani. Au fost foarte amabili iar b\u0103iatul vorbea Englez\u0103, ceea ce a fost minunat, pentru c\u0103 a putut traduce ce zicea tat\u0103l s\u0103u. A\u0219a se face c\u0103 m-a dus p\u00e2n\u0103 \u00een centrul Bra\u0219ovului (au fost a\u0219a de amabili) \u0219i mi-a oferit 20 de lei pentru c\u0103 i-am spus c\u0103 mi-am uitat &#8220;sacoche&#8221; la CdC la birou. Prin urmare a trebuit s\u0103 accept \u0219i banii aceea m-au ajutat \u00een weekend, pentru asta \u00eei mul\u021bumesc \u0219oferului de tir.<\/p>\n<p><img decoding=\"async\" loading=\"lazy\" class=\"size-medium wp-image-407 alignleft\" src=\"http:\/\/evs.curbadecultura.ro\/wp-content\/uploads\/2016\/08\/P1140259-300x225.jpg\" alt=\"P1140259\" width=\"300\" height=\"225\" srcset=\"http:\/\/evs.curbadecultura.ro\/wp-content\/uploads\/2016\/08\/P1140259-300x225.jpg 300w, http:\/\/evs.curbadecultura.ro\/wp-content\/uploads\/2016\/08\/P1140259-768x576.jpg 768w, http:\/\/evs.curbadecultura.ro\/wp-content\/uploads\/2016\/08\/P1140259-1024x768.jpg 1024w\" sizes=\"(max-width: 300px) 100vw, 300px\" \/>Then I\u2019ve rolled till Elena\u2019s house. She is our wonderful mentor.\u00a0The next morning, it was a sweet waking up in happiness. Elena made the breakfast and afterwards I went in city for skateboarding. I\u2019ve rolled around the city, looking for spots and in the middle of this I met Liina. She is actually working in a hostel in the center.\u00a0After I sweated like a pig I went to the Black Tower to enjoy the view, which was superb. On the way down, I heard someone playing guitar and singing powerfully so I stopped where he was and starting to talk and play guitar. He was singing, I was playing, and we were chatting. I tried to sing as well because his voice stoked me. Anyway, afterwards we spend a part of the night together with his friends that I met, and I returned to Elena&#8217;s house.<\/p>\n<p>Next day I woke up late at 3.30 pm. Elena brought me to the town and I decided to walk up the T\u00e2mpa hill where is the big BRA\u0218OV sign. That was amazing: the walk up the hill was physically worth it. Once up, I just took my time because I was out of breath. Minutes later, Liina joined me up there. When we finally decided to get down it started to rain and we got totally wet! The street was the river of Mississippi, I swear! In the main square were many Tango dancers under the rain, it was a beautiful moment. This weekend will be stuck in my head.<\/p>\n<p>Apoi am mers pe skateboard p\u00e2n\u0103 la casa Elenei. Ea este minunatul nostru mentor. Urm\u0103toarea diminea\u021b\u0103 m-am trezit fericit. Elena a preg\u0103tit micul dejun, iar apoi am mers \u00een ora\u0219 s\u0103 m\u0103 dau cu placa. M-am dat prin tot ora\u0219ul, c\u0103ut\u00e2nd locuri c\u00e2t mai potrivite \u0219i am \u00eent\u00e2lnit-o pe Liina. De fapt ea lucreaz\u0103 \u00eentr-un hostel \u00een centru. Dup\u0103 ce am transpirat ca un porc am urcat la Turnul Negru pentru a admira privelistea, care a fost superb\u0103. La cobor\u00e2re am auzit pe cineva c\u00e2nt\u00e2nd la chitar\u0103 \u0219i cu vocea at\u00e2t de intens \u00eenc\u00e2t m-am oprit unde era muzicantul, am intrat \u00een vorb\u0103 cu el \u0219i am c\u00e2ntat la chitar\u0103. El c\u00e2nta cu vocea, eu la chitar\u0103 \u0219i mai povesteam. Am \u00eencercat de asemenea s\u0103 c\u00e2nt pentru c\u0103 mi se p\u0103rea c\u0103 vocea lui m-a \u00eenc\u0103rcat \u0219i pe mine. Dup\u0103 asta am petrecut o parte din noapte \u00eempreun\u0103 cu el \u0219i cu prietenii lui, iar apoi m-am \u00eentors la casa Elenei.<\/p>\n<p>Ziua urm\u0103toare m-am trezit t\u00e2rziu la 15.30. Elena m-a dus \u00een ora\u0219 \u0219i am decis s\u0103 urc pe T\u00e2mpa la semnul acela mare cu BRA\u0218OV. A fost minunat: urcatul dealului a meritat efortul fizic din plin. Odat\u0103 ajuns sus m-am odihnit c\u0103ci r\u0103m\u0103sesem f\u0103r\u0103 respira\u021bie. C\u00e2teva minute mai t\u00e2rziu Liina mi s-a al\u0103turat. C\u00e2nd, \u00een cele din urm\u0103, ne-am decis s\u0103 cobor\u00e2m a \u00eenceput s\u0103 plou\u0103 \u0219i ne-am udat complet. Strada era un adev\u0103arat Mississippi, jur! \u00cen Pia\u021ba Sfatului erau dansatori de tango, care dansau \u00een ploaie. A fost un moment minunat. Acest sf\u00e2r\u0219it de s\u0103pt\u0103m\u00e2n\u0103 \u00eemi va r\u0103m\u00e2ne \u00een minte.<\/p>\n<p>&nbsp;<\/p>\n<p>Mael &#8211; volunteer from France<\/p>\n<hr \/>\n<p>Mael se afl\u0103 \u00een Rom\u00e2nia pentru 5 luni \u00een cadrul proiectului\u00a0<em>Intercult\u2019rural (ref nr 2015-3-FR02-KA105-010806)<\/em>\u00a0co-finan\u021bat de Uniunea European\u0103 prin programul Erasmus+ \u0219i implementant \u00een Rom\u00e2nia de <strong>Asocia\u021bia Curba de Cultur\u0103<\/strong>.<\/p>\n","protected":false},"excerpt":{"rendered":"<div class=\"slide-text-bg2\"><span>This weekend was joyful and with some news friendships. I went to Bra\u0219ov by hitchhiking as usual. So I\u2019ve waited for a truck or a car or any rolling obj<\/span><\/div>\n<div class=\"slide-btn-area-sm\"><a href=\"http:\/\/evs.curbadecultura.ro\/index.php\/2016\/07\/17\/brasov-lovely-city\/\" class=\"slide-btn-sm\">Read More<\/a><\/div>\n","protected":false},"author":1,"featured_media":0,"comment_status":"open","ping_status":"open","sticky":false,"template":"","format":"standard","meta":[],"categories":[5,1],"tags":[44,45,41,43],"_links":{"self":[{"href":"http:\/\/evs.curbadecultura.ro\/index.php\/wp-json\/wp\/v2\/posts\/404"}],"collection":[{"href":"http:\/\/evs.curbadecultura.ro\/index.php\/wp-json\/wp\/v2\/posts"}],"about":[{"href":"http:\/\/evs.curbadecultura.ro\/index.php\/wp-json\/wp\/v2\/types\/post"}],"author":[{"embeddable":true,"href":"http:\/\/evs.curbadecultura.ro\/index.php\/wp-json\/wp\/v2\/users\/1"}],"replies":[{"embeddable":true,"href":"http:\/\/evs.curbadecultura.ro\/index.php\/wp-json\/wp\/v2\/comments?post=404"}],"version-history":[{"count":2,"href":"http:\/\/evs.curbadecultura.ro\/index.php\/wp-json\/wp\/v2\/posts\/404\/revisions"}],"predecessor-version":[{"id":409,"href":"http:\/\/evs.curbadecultura.ro\/index.php\/wp-json\/wp\/v2\/posts\/404\/revisions\/409"}],"wp:attachment":[{"href":"http:\/\/evs.curbadecultura.ro\/index.php\/wp-json\/wp\/v2\/media?parent=404"}],"wp:term":[{"taxonomy":"category","embeddable":true,"href":"http:\/\/evs.curbadecultura.ro\/index.php\/wp-json\/wp\/v2\/categories?post=404"},{"taxonomy":"post_tag","embeddable":true,"href":"http:\/\/evs.curbadecultura.ro\/index.php\/wp-json\/wp\/v2\/tags?post=404"}],"curies":[{"name":"wp","href":"https:\/\/api.w.org\/{rel}","templated":true}]}}