{"id":3995,"date":"2023-04-17T16:16:00","date_gmt":"2023-04-17T13:16:00","guid":{"rendered":"https:\/\/evs.curbadecultura.ro\/?p=3995"},"modified":"2024-12-17T16:26:34","modified_gmt":"2024-12-17T14:26:34","slug":"mentors-engagement-through-training-and-oriented-results-mentor","status":"publish","type":"post","link":"http:\/\/evs.curbadecultura.ro\/index.php\/2023\/04\/17\/mentors-engagement-through-training-and-oriented-results-mentor\/","title":{"rendered":"Mentors\u2019 ENgagement through Training and Oriented Results (MENTOR)"},"content":{"rendered":"\n<figure class=\"wp-block-image size-large\"><img decoding=\"async\" loading=\"lazy\" width=\"1024\" height=\"223\" src=\"https:\/\/evs.curbadecultura.ro\/wp-content\/uploads\/2024\/12\/BAT-Logo-MENTOR-1-1024x223.jpg\" alt=\"\" class=\"wp-image-3996\" srcset=\"http:\/\/evs.curbadecultura.ro\/wp-content\/uploads\/2024\/12\/BAT-Logo-MENTOR-1-1024x223.jpg 1024w, http:\/\/evs.curbadecultura.ro\/wp-content\/uploads\/2024\/12\/BAT-Logo-MENTOR-1-300x65.jpg 300w, http:\/\/evs.curbadecultura.ro\/wp-content\/uploads\/2024\/12\/BAT-Logo-MENTOR-1-768x167.jpg 768w, http:\/\/evs.curbadecultura.ro\/wp-content\/uploads\/2024\/12\/BAT-Logo-MENTOR-1.jpg 1200w\" sizes=\"(max-width: 1024px) 100vw, 1024px\" \/><\/figure>\n\n\n\n<p>Av\u00e2nd \u00een vedere cre\u0219terea nevoii de mentorat \u00een Europa \u0219i faptul c\u0103 proiectele de mobilitate sunt v\u0103zute ca o oportunitate real\u0103 de educa\u021bie non-formal\u0103, este important s\u0103 se evalueze impactul mentoratului asupra participan\u021bilor la mobilitatea interna\u021bional\u0103.<\/p>\n\n\n\n<p>Proiectul MENTOR \u00ee\u0219i propune s\u0103 consolideze capacitatea organiza\u021biilor de tineret, oferindu-le instrumente care s\u0103 faciliteze punerea \u00een aplicare a activit\u0103\u021bilor de mentorat \u00een cadrul activit\u0103\u021bilor lor.<\/p>\n\n\n\n<p>Obiectivele specifice ale proiectului sunt:<\/p>\n\n\n\n<ul>\n<li>S\u0103 valorifice nevoile \u0219i a\u0219tept\u0103rile existente privind mentoratul \u00een sectorul de tineret.<\/li>\n\n\n\n<li>Crearea unui instrument pedagogic pentru organiza\u021biile de tineret\/profesioni\u0219ti \u00een vederea implement\u0103rii activit\u0103\u021bilor de mentorat \u00een propria organiza\u021bie.<\/li>\n\n\n\n<li>Elaborarea unui curs de formare pentru formarea \u0219i implicarea viitorilor mentori.<\/li>\n\n\n\n<li>S\u0103 permit\u0103 mentorilor \u0219i persoanelor \u00eendrumate s\u0103 urm\u0103reasc\u0103 progresul perechii lor.<\/li>\n<\/ul>\n\n\n\n<p>Parteneri din Fran\u021ba, Italia, Macedonia, Turcia \u0219i Rom\u00e2nia vor lucra \u00eempreun\u0103 pe parcursul proiectului pentru a asigura un progres \u0219i o comunicare bune \u00een vederea ob\u021binerii rezultatelor a\u0219teptate.<\/p>\n\n\n\n<p><strong>Rezultate a\u0219teptate :<\/strong><\/p>\n\n\n\n<p>\u00cen acest context, parteneriatul proiectului MENTOR \u00ee\u0219i propune s\u0103 creeze 4 produc\u021bii pe parcursul celor 26 de luni ale proiectului, care sunt<\/p>\n\n\n\n<ul>\n<li><strong>Studiu transna\u021bional privind nevoile de mentorat<\/strong> pentru a permite o diseminare la nivelul UE a nevoilor de mentorat ale tinerilor profesioni\u0219ti legate de proiectele de mobilitate interna\u021bional\u0103.<\/li>\n\n\n\n<li><strong>Ghid pentru profesioni\u0219tii din domeniul tineretului<\/strong> \u00een vederea angaj\u0103rii profesioni\u0219tilor din domeniul tineretului pentru a contribui la punerea \u00een aplicare a mentoratului la scar\u0103 european\u0103.<\/li>\n\n\n\n<li><strong>Formare pentru viitorii mentori.<\/strong> Mentorii, fie fo\u0219ti participan\u021bi la mobilit\u0103\u021bi interna\u021bionale, fie persoane care au locuit deja \u00een str\u0103in\u0103tate timp de cel pu\u021bin 3 luni, sunt instrui\u021bi \u00een rolul lor de mentori pentru a putea \u00eenso\u021bi \u00een mod corespunz\u0103tor mentees (viitori participan\u021bi la mobilit\u0103\u021bi interna\u021bionale).<\/li>\n\n\n\n<li><strong>Portofoliul Mentors &amp; Mentees<\/strong> pentru ca ace\u0219tia s\u0103 fie informa\u021bi \u0219i \u00eendruma\u021bi cu privire la modul de a \u00eenso\u021bi sau de a fi \u00eenso\u021bi\u021bi.<\/li>\n<\/ul>\n\n\n\n<p>\u00cen conformitate cu obiectivele Comisiei Europene \u0219i ale programului Erasmus+, cei cinci parteneri aspir\u0103 s\u0103 stabileasc\u0103 o nou\u0103 dinamic\u0103 pentru punerea \u00een aplicare a Mentoring Europe. Toate instrumentele dezvoltate vor fi open source, disponibile gratuit pentru consultare \u0219i desc\u0103rcare prin intermediul site-urilor web ale partenerilor \u00een limbile englez\u0103, francez\u0103, italian\u0103, macedonean\u0103, turc\u0103 \u0219i rom\u00e2n\u0103.<\/p>\n\n\n\n<p><strong>Public \u0219i beneficiari :<\/strong><\/p>\n\n\n\n<p>Proiectul se adreseaz\u0103 mai multor publicuri \u021bint\u0103, cum ar fi lucr\u0103torii de tineret, fo\u0219tii \u0219i viitorii participan\u021bi la mobilitatea interna\u021bional\u0103 \u0219i oricine dore\u0219te s\u0103 se angajeze \u00eentr-o rela\u021bie de mentorat cu viitorii participan\u021bi.<\/p>\n\n\n\n<p>Lucr\u0103torii de tineret vor avea instrumentele necesare pentru a implementa activit\u0103\u021bi de mentorat \u00een cadrul propriei organiza\u021bii \u0219i, astfel, \u00ee\u0219i vor sprijini mai bine participan\u021bii la mobilit\u0103\u021bi interna\u021bionale. Viitorii participan\u021bi la mobilitate, care vor beneficia de un sprijin mai bun pe parcursul proiectului lor de mobilitate prin intermediul mentoratului. Prin urmare, ace\u0219tia sunt considera\u021bi mentee. Fo\u0219ti participan\u021bi la mobilitatea interna\u021bional\u0103 \u0219i\/sau orice persoan\u0103 care a locuit deja \u00een str\u0103in\u0103tate timp de cel pu\u021bin 3 luni \u0219i care dore\u0219te s\u0103 se angajeze \u00eentr-o rela\u021bie de mentorat pentru a \u00eenso\u021bi viitorii participan\u021bi. Mentorilor li se ofer\u0103 formare \u0219i instrumente care s\u0103 le permit\u0103 s\u0103 aib\u0103 toate cheile necesare pentru rolul lor de mentor<\/p>\n","protected":false},"excerpt":{"rendered":"<div class=\"slide-text-bg2\"><span>Av\u00e2nd \u00een vedere cre\u0219terea nevoii de mentorat \u00een Europa \u0219i faptul c\u0103 proiectele de mobilitate sunt v\u0103zute ca o oportunitate real\u0103 de educa\u021bie non-f<\/span><\/div>\n<div class=\"slide-btn-area-sm\"><a href=\"http:\/\/evs.curbadecultura.ro\/index.php\/2023\/04\/17\/mentors-engagement-through-training-and-oriented-results-mentor\/\" class=\"slide-btn-sm\">Read More<\/a><\/div>\n","protected":false},"author":5,"featured_media":0,"comment_status":"open","ping_status":"open","sticky":false,"template":"","format":"standard","meta":[],"categories":[105,5,98],"tags":[],"_links":{"self":[{"href":"http:\/\/evs.curbadecultura.ro\/index.php\/wp-json\/wp\/v2\/posts\/3995"}],"collection":[{"href":"http:\/\/evs.curbadecultura.ro\/index.php\/wp-json\/wp\/v2\/posts"}],"about":[{"href":"http:\/\/evs.curbadecultura.ro\/index.php\/wp-json\/wp\/v2\/types\/post"}],"author":[{"embeddable":true,"href":"http:\/\/evs.curbadecultura.ro\/index.php\/wp-json\/wp\/v2\/users\/5"}],"replies":[{"embeddable":true,"href":"http:\/\/evs.curbadecultura.ro\/index.php\/wp-json\/wp\/v2\/comments?post=3995"}],"version-history":[{"count":1,"href":"http:\/\/evs.curbadecultura.ro\/index.php\/wp-json\/wp\/v2\/posts\/3995\/revisions"}],"predecessor-version":[{"id":3997,"href":"http:\/\/evs.curbadecultura.ro\/index.php\/wp-json\/wp\/v2\/posts\/3995\/revisions\/3997"}],"wp:attachment":[{"href":"http:\/\/evs.curbadecultura.ro\/index.php\/wp-json\/wp\/v2\/media?parent=3995"}],"wp:term":[{"taxonomy":"category","embeddable":true,"href":"http:\/\/evs.curbadecultura.ro\/index.php\/wp-json\/wp\/v2\/categories?post=3995"},{"taxonomy":"post_tag","embeddable":true,"href":"http:\/\/evs.curbadecultura.ro\/index.php\/wp-json\/wp\/v2\/tags?post=3995"}],"curies":[{"name":"wp","href":"https:\/\/api.w.org\/{rel}","templated":true}]}}