{"id":2470,"date":"2018-01-16T09:44:12","date_gmt":"2018-01-16T07:44:12","guid":{"rendered":"http:\/\/evs.curbadecultura.ro\/?p=2470"},"modified":"2019-08-15T10:05:44","modified_gmt":"2019-08-15T07:05:44","slug":"aventura-de-un-an-in-tenerife","status":"publish","type":"post","link":"http:\/\/evs.curbadecultura.ro\/index.php\/2018\/01\/16\/aventura-de-un-an-in-tenerife\/","title":{"rendered":"Aventur\u0103 de un an \u00een Tenerife!"},"content":{"rendered":"<p><img decoding=\"async\" loading=\"lazy\" class=\"alignnone  wp-image-2471\" src=\"http:\/\/evs.curbadecultura.ro\/wp-content\/uploads\/2019\/08\/IH-var.2-300x275.png\" alt=\"\" width=\"350\" height=\"321\" \/><\/p>\n<p>Partenerul nostru <a href=\"http:\/\/pod-org.com\/\">P.O.D. Association<\/a>, din Spania, caut\u0103 un t\u00e2n\u0103r sau o t\u00e2n\u0103r\u0103 pentru un proiect de voluntariat interna\u021bional ce \u00eencepe \u00een mai 2018 (pentru un an de zile). Voluntarul va organiza activit\u0103\u021bi concentrate pe ce \u00eenseamn\u0103 un stil de via\u021b\u0103 s\u0103n\u0103tos, incluz\u00e2nd aici at\u00e2t sport \u0219i mi\u0219care dar \u0219i obiceiuri s\u0103n\u0103toase \u00een via\u021ba de zi cu zi, nutri\u021bie etc. Prin urmare voluntarul va lua parte la planificarea de evenimente \u0219i activit\u0103\u021bi, comunicarea \u0219i promovarea lor online \u0219i offline \u0219i va avea \u0219i posibilitatea de a-\u0219i pune \u00een aplicare propriile idei.<\/p>\n<p>Prin urmare, dac\u0103:<\/p>\n<ul>\n<li><em>ai \u00eentre 18 \u0219i 30 de ani<\/em><\/li>\n<li><em>\u00ee\u021bi place s\u0103 \u00eenve\u021bi \u0219i e\u0219ti curios<\/em><\/li>\n<li><em>e\u0219ti activ, lucrezi cu entuziasm \u0219i responsabilitate<\/em><\/li>\n<li><em>e\u0219ti sociabil \u0219i te po\u021bi organiza \u0219i singur c\u00e2nd e cazul<\/em><\/li>\n<li><em>e\u0219ti creativ \u0219i dornic s\u0103 \u00ee\u021bi pui ideile \u00een practic\u0103<\/em><\/li>\n<li><em>\u00een\u021belegi \u0219i vorbe\u0219ti englez\u0103 acceptabil<\/em><\/li>\n<li><em>e\u0219ti dornic\/\u0103 s\u0103 \u00eenve\u021bi spaniol\u0103<\/em><\/li>\n<\/ul>\n<p>e\u0219ti potrivit\/\u0103 pentru proiectul nostru de voluntariat.<\/p>\n<p>Partenerii no\u0219tri din Spania \u00ee\u021bi vor asigura cazarea, aloca\u021bie pentru mas\u0103, bani de buzunar \u0219i transport local. Pe l\u00e2ng\u0103 asta, prime\u0219ti asigurare medical\u0103 \u0219i rambursarea transportului p\u00e2n\u0103 acolo \u0219i \u00eenapoi.<\/p>\n<p>Ce altceva mai prime\u0219ti?<\/p>\n<ul>\n<li><em>cuno\u0219tin\u021be \u0219i abilit\u0103\u021bi de planificare, organizare \u0219i implementare de activit\u0103\u021bi educative<\/em><\/li>\n<li><em>posibilitatea de a-\u021bi transforma ideile \u00een proiecte \u0219i de a avea o influen\u021b\u0103 pozitiv\u0103<\/em><\/li>\n<li><em>experien\u021b\u0103 de munc\u0103 \u00een lucrul cu tinerii \u0219i organizarea de evenimente<\/em><\/li>\n<li><em>traiul independent \u0219i \u00eentr-o alt\u0103 \u021bar\u0103<\/em><\/li>\n<li><em>posibilitatea de a \u00eenv\u0103\u021ba spaniol\u0103 \u0219i de a-\u021bi extinde cercul de prieteni.<\/em><\/li>\n<\/ul>\n<p>Acum c\u0103 \u0219tii cu ce se m\u0103n\u00e2nc\u0103 proiectul \u0103sta,\u00a0<strong>pune m\u00e2na \u0219i scrie-ne un email cu CV \u0219i scrisoare de inten\u021bie<\/strong>\u00a0(ambele \u00een englez\u0103) ata\u0219ate \u00een care ne spui\u00a0 de ce crezi c\u0103 tu e\u0219ti potrivit pentru acest proiect,\u00a0<strong>c\u00e2t mai repede<\/strong>\u00a0la\u00a0<em>sorin@curbadecultura.ro<\/em>.<\/p>\n<p>Tot acolo trimi\u021bi \u0219i \u00eentreb\u0103rile \u0219i nel\u0103muririle dac\u0103 ai vreounele.<\/p>\n","protected":false},"excerpt":{"rendered":"<div class=\"slide-text-bg2\"><span>Partenerul nostru P.O.D. Association, din Spania, caut\u0103 un t\u00e2n\u0103r sau o t\u00e2n\u0103r\u0103 pentru un proiect de voluntariat interna\u021bional ce \u00eencepe \u00een mai 2018<\/span><\/div>\n<div class=\"slide-btn-area-sm\"><a href=\"http:\/\/evs.curbadecultura.ro\/index.php\/2018\/01\/16\/aventura-de-un-an-in-tenerife\/\" class=\"slide-btn-sm\">Read More<\/a><\/div>\n","protected":false},"author":5,"featured_media":0,"comment_status":"open","ping_status":"open","sticky":false,"template":"","format":"standard","meta":[],"categories":[78,62,5],"tags":[],"_links":{"self":[{"href":"http:\/\/evs.curbadecultura.ro\/index.php\/wp-json\/wp\/v2\/posts\/2470"}],"collection":[{"href":"http:\/\/evs.curbadecultura.ro\/index.php\/wp-json\/wp\/v2\/posts"}],"about":[{"href":"http:\/\/evs.curbadecultura.ro\/index.php\/wp-json\/wp\/v2\/types\/post"}],"author":[{"embeddable":true,"href":"http:\/\/evs.curbadecultura.ro\/index.php\/wp-json\/wp\/v2\/users\/5"}],"replies":[{"embeddable":true,"href":"http:\/\/evs.curbadecultura.ro\/index.php\/wp-json\/wp\/v2\/comments?post=2470"}],"version-history":[{"count":1,"href":"http:\/\/evs.curbadecultura.ro\/index.php\/wp-json\/wp\/v2\/posts\/2470\/revisions"}],"predecessor-version":[{"id":2472,"href":"http:\/\/evs.curbadecultura.ro\/index.php\/wp-json\/wp\/v2\/posts\/2470\/revisions\/2472"}],"wp:attachment":[{"href":"http:\/\/evs.curbadecultura.ro\/index.php\/wp-json\/wp\/v2\/media?parent=2470"}],"wp:term":[{"taxonomy":"category","embeddable":true,"href":"http:\/\/evs.curbadecultura.ro\/index.php\/wp-json\/wp\/v2\/categories?post=2470"},{"taxonomy":"post_tag","embeddable":true,"href":"http:\/\/evs.curbadecultura.ro\/index.php\/wp-json\/wp\/v2\/tags?post=2470"}],"curies":[{"name":"wp","href":"https:\/\/api.w.org\/{rel}","templated":true}]}}