{"id":2141,"date":"2019-02-01T14:10:19","date_gmt":"2019-02-01T12:10:19","guid":{"rendered":"http:\/\/evs.curbadecultura.ro\/?p=2141"},"modified":"2019-03-12T06:30:28","modified_gmt":"2019-03-12T04:30:28","slug":"portretul-unui-voluntar-roman-lukas","status":"publish","type":"post","link":"http:\/\/evs.curbadecultura.ro\/index.php\/2019\/02\/01\/portretul-unui-voluntar-roman-lukas\/","title":{"rendered":"Portret de voluntar &#8211; Roman (Germania)"},"content":{"rendered":"<p><img decoding=\"async\" loading=\"lazy\" class=\"wp-image-2151 alignleft\" src=\"http:\/\/evs.curbadecultura.ro\/wp-content\/uploads\/2019\/01\/WIN_20181127_14_47_35_Pro.jpg\" alt=\"\" width=\"464\" height=\"261\" srcset=\"http:\/\/evs.curbadecultura.ro\/wp-content\/uploads\/2019\/01\/WIN_20181127_14_47_35_Pro.jpg 1280w, http:\/\/evs.curbadecultura.ro\/wp-content\/uploads\/2019\/01\/WIN_20181127_14_47_35_Pro-300x169.jpg 300w, http:\/\/evs.curbadecultura.ro\/wp-content\/uploads\/2019\/01\/WIN_20181127_14_47_35_Pro-768x432.jpg 768w, http:\/\/evs.curbadecultura.ro\/wp-content\/uploads\/2019\/01\/WIN_20181127_14_47_35_Pro-1024x576.jpg 1024w\" sizes=\"(max-width: 464px) 100vw, 464px\" \/>Hello everybody,<\/p>\n<p>I am Roman Lukas and i`m\u00a0 from Germany. I live in the city called Siegen. I am in Romania, Izvoarele,\u00a0 since two days and the rural area remindes me of the area where i`m coming from. In Germany, expecially in the area around Siegen, we do also have lots of trees, that`s something thats makes me feel like home at least a little bit.<\/p>\n<p>I studied padagogy and i graduated with a Bachelor in 2012. After that i worked with people with mental diseases then i worked in the ambulant child- and youth welfare.<\/p>\n<p>I quit my job because i wanted to try something new and i decided to go abroad to accept the challenges it might bring up. I think one of my biggest challange will be loosing the fear of dogs haha<\/p>\n<p>I like listening to music and visiting concerts. I also like to watch movies or to read (i prepared myself for the journey by reading Herta M\u00fcller, who is a romanian\/ german writer). Playing Soccer or Basketball is also one of my favorite activities.<\/p>\n<p>In my time in Romania i want to learn a lot about the romanian culture and the people who are living here. I`m\u00a0 also interested in nature and i want to discover the romanian landscape.<\/p>\n<p>So far, that`s enought about me. I will end with a quote:<\/p>\n<p><em>&#8221; It`s better to burn out than to fade away&#8221;\u00a0<\/em> (Neil Young)<\/p>\n<p>&nbsp;<\/p>\n<p>Bun\u0103 tuturor,<\/p>\n<p>Eu sunt Roman Lukas \u0219i sunt din Germania. Locuiesc \u00een ora\u0219ul numit Siegen. Sunt Izvoarele, Rom\u00e2nia de dou\u0103 zile iar zona rural\u0103 \u00eemi aduce aminte de zona de unde vin. \u00cen Germania, mai ales \u00een zona din jurul Soegenului, avem de asemenea o gr\u0103mad\u0103 de copaci, asta fiind ceva ce m\u0103 face s\u0103 m\u0103 simt ca acas\u0103 m\u0103car pu\u021bin.<\/p>\n<p>Am studiat Pedagogie \u0219i am absolvit licen\u021b\u0103 \u00een 2012. Dup\u0103 asta, am lucrat cu persoane cu boli mintale \u0219i apoi am lucrat \u00een asisten\u021b\u0103 social\u0103 ambulant\u0103 pentru copii \u0219i tineri.<\/p>\n<p>Am demisionat de la slujba mea pentru c\u0103 am vrut s\u0103 \u00eencerc ceva nou \u0219i am decis s\u0103 merg peste hotare s\u0103 accept provoc\u0103rile pe care l-ar putea aduce. Cred c\u0103 una dintre cele mai mare provoc\u0103ri pentru mine va fi s\u0103sscap de frica de c\u00e2ini haha.<\/p>\n<p>\u00cemi place s\u0103 ascult muzic\u0103 \u0219i s\u0103 merg la concerte. De asemenea \u00eemi place s\u0103 vizionez filme \u0219i s\u0103 citesc (m-am preg\u0103tit de c\u0103l\u0103torie prin a citi Herta M\u00fcller, care este o scriitoare rom\u00e2n\u0103\/german\u0103). Jucatul de fotbal \u0219i baschet sunt de asemenea unele dintre activit\u0103\u021bile mele favorite.<\/p>\n<p>\u00cen timpul meu \u00een Rom\u00e2nia vreau s\u0103 \u00eenv\u0103\u021b mult despre cultura rom\u00e2n\u0103 \u0219i despre oamenii care locuiesc aici. Sunt de asemenea interedat de natur\u0103 \u0219i vreau s\u0103 descop\u0103r peisajul rom\u00e2nesc.<\/p>\n<p>P\u00e2n\u0103 acum, at\u00e2t este suficient pentru mine. Voi \u00eencheia cu un citat:<\/p>\n<p><em>&#8221; It`s better to burn out than to fade away&#8221;\u00a0<\/em> (Neil Young)<\/p>\n<hr \/>\n<p>Roman este \u00een Rom\u00e2nia pentru o perioad\u0103 de opt luni, din ianuarie 2019 p\u00e2n\u0103 \u00een septembrie 2019, \u00een cadrul proiectului\u00a0<em>Building Youth Supportive Communities \u2013 Environment<\/em>\u00a0[2017-2-RO01-KA105-037748]\u00a0proiect co-finan\u021bat de Uniunea European\u0103 prin Programul Erasmus+ \u0219i implementat \u00een Rom\u00e2nia de c\u0103tre<strong>\u00a0Curba de Cultur\u0103.\u00a0<\/strong><\/p>\n","protected":false},"excerpt":{"rendered":"<div class=\"slide-text-bg2\"><span>Hello everybody, I am Roman Lukas and i`m\u00a0 from Germany. I live in the city called Siegen. I am in Romania, Izvoarele,\u00a0 since two days and the rural area<\/span><\/div>\n<div class=\"slide-btn-area-sm\"><a href=\"http:\/\/evs.curbadecultura.ro\/index.php\/2019\/02\/01\/portretul-unui-voluntar-roman-lukas\/\" class=\"slide-btn-sm\">Read More<\/a><\/div>\n","protected":false},"author":31,"featured_media":0,"comment_status":"open","ping_status":"open","sticky":false,"template":"","format":"standard","meta":[],"categories":[78,86,5],"tags":[81],"_links":{"self":[{"href":"http:\/\/evs.curbadecultura.ro\/index.php\/wp-json\/wp\/v2\/posts\/2141"}],"collection":[{"href":"http:\/\/evs.curbadecultura.ro\/index.php\/wp-json\/wp\/v2\/posts"}],"about":[{"href":"http:\/\/evs.curbadecultura.ro\/index.php\/wp-json\/wp\/v2\/types\/post"}],"author":[{"embeddable":true,"href":"http:\/\/evs.curbadecultura.ro\/index.php\/wp-json\/wp\/v2\/users\/31"}],"replies":[{"embeddable":true,"href":"http:\/\/evs.curbadecultura.ro\/index.php\/wp-json\/wp\/v2\/comments?post=2141"}],"version-history":[{"count":11,"href":"http:\/\/evs.curbadecultura.ro\/index.php\/wp-json\/wp\/v2\/posts\/2141\/revisions"}],"predecessor-version":[{"id":2261,"href":"http:\/\/evs.curbadecultura.ro\/index.php\/wp-json\/wp\/v2\/posts\/2141\/revisions\/2261"}],"wp:attachment":[{"href":"http:\/\/evs.curbadecultura.ro\/index.php\/wp-json\/wp\/v2\/media?parent=2141"}],"wp:term":[{"taxonomy":"category","embeddable":true,"href":"http:\/\/evs.curbadecultura.ro\/index.php\/wp-json\/wp\/v2\/categories?post=2141"},{"taxonomy":"post_tag","embeddable":true,"href":"http:\/\/evs.curbadecultura.ro\/index.php\/wp-json\/wp\/v2\/tags?post=2141"}],"curies":[{"name":"wp","href":"https:\/\/api.w.org\/{rel}","templated":true}]}}