{"id":176,"date":"2015-12-20T07:56:52","date_gmt":"2015-12-20T12:56:52","guid":{"rendered":"http:\/\/evs.curbadecultura.ro\/?p=176"},"modified":"2016-06-21T08:19:22","modified_gmt":"2016-06-21T12:19:22","slug":"christmas-party-petrecerea-de-craciun","status":"publish","type":"post","link":"http:\/\/evs.curbadecultura.ro\/index.php\/2015\/12\/20\/christmas-party-petrecerea-de-craciun\/","title":{"rendered":"Christmas party &#8211; Petrecerea de Cr\u0103ciun"},"content":{"rendered":"<p>La final de an \u00eenainte de a lua cu to\u021bii o vacan\u021b\u0103 binemeritat\u0103 ne-am mai \u00eent\u00e2lnit cu to\u021bii o dat\u0103. A\u0219adar am avut o petrecere de Cr\u0103ciun cu felurite bucate g\u0103tite de voluntarii no\u0219tri locali \u0219i interna\u021bionali \u0219i cu un brad \u00eempodobit tot cu ajutorul lor.<\/p>\n<p>At the end of the year, before taking a well-deserved holiday we all met once again. So we had a Christmas party with different types of food cooked by our local and international volunteers and with a Christmas tree also decorated with their help.<\/p>\n<p>Dou\u0103zeci de voluntari locali, patru voluntari SEV, profesori colaboratori \u0219i personalul Curba de Cultur\u0103 s-a reunit pentru c\u00e2teva ore \u00een care au discutat despre anul care se apropie de final \u0219i despre idei \u0219i planuri pentru anul urm\u0103tor, dar au \u0219i r\u00e2s, s-au distrat \u0219i s-au sim\u021bit bine cu to\u021bii \u00eempreun\u0103.<\/p>\n<p>Twenty local volunteers together with 4 EVs ones, collaborating teachers and Curba de Cultur\u0103 personnel spent few hours in which they discussed the year about to end, but also about ideas and plans for the next one; at the same time they laughed, shared stories and had a good time altogether.<\/p>\n<p><img decoding=\"async\" loading=\"lazy\" class=\"alignnone  wp-image-178\" src=\"http:\/\/evs.curbadecultura.ro\/wp-content\/uploads\/2016\/06\/12356732_322899591167669_4178624601578097841_o-300x200.jpg\" alt=\"12356732_322899591167669_4178624601578097841_o\" width=\"434\" height=\"289\" srcset=\"http:\/\/evs.curbadecultura.ro\/wp-content\/uploads\/2016\/06\/12356732_322899591167669_4178624601578097841_o-300x200.jpg 300w, http:\/\/evs.curbadecultura.ro\/wp-content\/uploads\/2016\/06\/12356732_322899591167669_4178624601578097841_o-768x512.jpg 768w, http:\/\/evs.curbadecultura.ro\/wp-content\/uploads\/2016\/06\/12356732_322899591167669_4178624601578097841_o-1024x683.jpg 1024w, http:\/\/evs.curbadecultura.ro\/wp-content\/uploads\/2016\/06\/12356732_322899591167669_4178624601578097841_o.jpg 2048w\" sizes=\"(max-width: 434px) 100vw, 434px\" \/><img decoding=\"async\" loading=\"lazy\" class=\"alignnone  wp-image-177\" src=\"http:\/\/evs.curbadecultura.ro\/wp-content\/uploads\/2016\/06\/1497955_322899751167653_6445888388387434659_o-300x200.jpg\" alt=\"1497955_322899751167653_6445888388387434659_o\" width=\"432\" height=\"288\" srcset=\"http:\/\/evs.curbadecultura.ro\/wp-content\/uploads\/2016\/06\/1497955_322899751167653_6445888388387434659_o-300x200.jpg 300w, http:\/\/evs.curbadecultura.ro\/wp-content\/uploads\/2016\/06\/1497955_322899751167653_6445888388387434659_o-768x512.jpg 768w, http:\/\/evs.curbadecultura.ro\/wp-content\/uploads\/2016\/06\/1497955_322899751167653_6445888388387434659_o-1024x683.jpg 1024w, http:\/\/evs.curbadecultura.ro\/wp-content\/uploads\/2016\/06\/1497955_322899751167653_6445888388387434659_o.jpg 2048w\" sizes=\"(max-width: 432px) 100vw, 432px\" \/> \u00a0<img decoding=\"async\" loading=\"lazy\" class=\"alignnone  wp-image-181\" src=\"http:\/\/evs.curbadecultura.ro\/wp-content\/uploads\/2016\/06\/12371233_322899747834320_2974998524407608225_o-300x200.jpg\" alt=\"12371233_322899747834320_2974998524407608225_o\" width=\"435\" height=\"290\" srcset=\"http:\/\/evs.curbadecultura.ro\/wp-content\/uploads\/2016\/06\/12371233_322899747834320_2974998524407608225_o-300x200.jpg 300w, http:\/\/evs.curbadecultura.ro\/wp-content\/uploads\/2016\/06\/12371233_322899747834320_2974998524407608225_o-768x512.jpg 768w, http:\/\/evs.curbadecultura.ro\/wp-content\/uploads\/2016\/06\/12371233_322899747834320_2974998524407608225_o-1024x683.jpg 1024w, http:\/\/evs.curbadecultura.ro\/wp-content\/uploads\/2016\/06\/12371233_322899747834320_2974998524407608225_o.jpg 2048w\" sizes=\"(max-width: 435px) 100vw, 435px\" \/>\u00a0<img decoding=\"async\" loading=\"lazy\" class=\"alignnone  wp-image-180\" src=\"http:\/\/evs.curbadecultura.ro\/wp-content\/uploads\/2016\/06\/12371064_322915151166113_9021150362459073675_o-300x200.jpg\" alt=\"12371064_322915151166113_9021150362459073675_o\" width=\"434\" height=\"289\" srcset=\"http:\/\/evs.curbadecultura.ro\/wp-content\/uploads\/2016\/06\/12371064_322915151166113_9021150362459073675_o-300x200.jpg 300w, http:\/\/evs.curbadecultura.ro\/wp-content\/uploads\/2016\/06\/12371064_322915151166113_9021150362459073675_o-768x512.jpg 768w, http:\/\/evs.curbadecultura.ro\/wp-content\/uploads\/2016\/06\/12371064_322915151166113_9021150362459073675_o-1024x683.jpg 1024w, http:\/\/evs.curbadecultura.ro\/wp-content\/uploads\/2016\/06\/12371064_322915151166113_9021150362459073675_o.jpg 2048w\" sizes=\"(max-width: 434px) 100vw, 434px\" \/> \u00a0 \u00a0<img decoding=\"async\" loading=\"lazy\" class=\"alignnone  wp-image-179\" src=\"http:\/\/evs.curbadecultura.ro\/wp-content\/uploads\/2016\/06\/12370684_322899587834336_1380726903331414320_o-200x300.jpg\" alt=\"12370684_322899587834336_1380726903331414320_o\" width=\"193\" height=\"290\" srcset=\"http:\/\/evs.curbadecultura.ro\/wp-content\/uploads\/2016\/06\/12370684_322899587834336_1380726903331414320_o-200x300.jpg 200w, http:\/\/evs.curbadecultura.ro\/wp-content\/uploads\/2016\/06\/12370684_322899587834336_1380726903331414320_o.jpg 640w\" sizes=\"(max-width: 193px) 100vw, 193px\" \/><\/p>\n","protected":false},"excerpt":{"rendered":"<div class=\"slide-text-bg2\"><span>La final de an \u00eenainte de a lua cu to\u021bii o vacan\u021b\u0103 binemeritat\u0103 ne-am mai \u00eent\u00e2lnit cu to\u021bii o dat\u0103. A\u0219adar am avut o petrecere de Cr\u0103ciun cu fel<\/span><\/div>\n<div class=\"slide-btn-area-sm\"><a href=\"http:\/\/evs.curbadecultura.ro\/index.php\/2015\/12\/20\/christmas-party-petrecerea-de-craciun\/\" class=\"slide-btn-sm\">Read More<\/a><\/div>\n","protected":false},"author":1,"featured_media":0,"comment_status":"open","ping_status":"open","sticky":false,"template":"","format":"standard","meta":[],"categories":[5,1],"tags":[21,6,3],"_links":{"self":[{"href":"http:\/\/evs.curbadecultura.ro\/index.php\/wp-json\/wp\/v2\/posts\/176"}],"collection":[{"href":"http:\/\/evs.curbadecultura.ro\/index.php\/wp-json\/wp\/v2\/posts"}],"about":[{"href":"http:\/\/evs.curbadecultura.ro\/index.php\/wp-json\/wp\/v2\/types\/post"}],"author":[{"embeddable":true,"href":"http:\/\/evs.curbadecultura.ro\/index.php\/wp-json\/wp\/v2\/users\/1"}],"replies":[{"embeddable":true,"href":"http:\/\/evs.curbadecultura.ro\/index.php\/wp-json\/wp\/v2\/comments?post=176"}],"version-history":[{"count":1,"href":"http:\/\/evs.curbadecultura.ro\/index.php\/wp-json\/wp\/v2\/posts\/176\/revisions"}],"predecessor-version":[{"id":182,"href":"http:\/\/evs.curbadecultura.ro\/index.php\/wp-json\/wp\/v2\/posts\/176\/revisions\/182"}],"wp:attachment":[{"href":"http:\/\/evs.curbadecultura.ro\/index.php\/wp-json\/wp\/v2\/media?parent=176"}],"wp:term":[{"taxonomy":"category","embeddable":true,"href":"http:\/\/evs.curbadecultura.ro\/index.php\/wp-json\/wp\/v2\/categories?post=176"},{"taxonomy":"post_tag","embeddable":true,"href":"http:\/\/evs.curbadecultura.ro\/index.php\/wp-json\/wp\/v2\/tags?post=176"}],"curies":[{"name":"wp","href":"https:\/\/api.w.org\/{rel}","templated":true}]}}