{"id":161,"date":"2015-11-29T05:07:40","date_gmt":"2015-11-29T10:07:40","guid":{"rendered":"http:\/\/evs.curbadecultura.ro\/?p=161"},"modified":"2016-06-21T05:29:08","modified_gmt":"2016-06-21T09:29:08","slug":"portret-de-voluntar-ania-polonia","status":"publish","type":"post","link":"http:\/\/evs.curbadecultura.ro\/index.php\/2015\/11\/29\/portret-de-voluntar-ania-polonia\/","title":{"rendered":"Portret de voluntar &#8211; Ania (Polonia)"},"content":{"rendered":"<p><img decoding=\"async\" loading=\"lazy\" class=\"size-medium wp-image-162 alignleft\" src=\"http:\/\/evs.curbadecultura.ro\/wp-content\/uploads\/2016\/06\/13417562_1107313032640505_542964949427408019_n-300x300.jpg\" alt=\"13417562_1107313032640505_542964949427408019_n\" width=\"300\" height=\"300\" srcset=\"http:\/\/evs.curbadecultura.ro\/wp-content\/uploads\/2016\/06\/13417562_1107313032640505_542964949427408019_n-300x300.jpg 300w, http:\/\/evs.curbadecultura.ro\/wp-content\/uploads\/2016\/06\/13417562_1107313032640505_542964949427408019_n-150x150.jpg 150w, http:\/\/evs.curbadecultura.ro\/wp-content\/uploads\/2016\/06\/13417562_1107313032640505_542964949427408019_n.jpg 720w\" sizes=\"(max-width: 300px) 100vw, 300px\" \/>I would describe myself as small, brave and open-minded girl. I try to be helpful for other people and I expect them to be the same to me. I do not like fight, argue with the others and I can\u2019t stand when somebody is rude and impolite.<\/p>\n<p>I would like to spend at least half of the year as the volunteer. I am ready to make one year break before I will go for my master degree studies. I would like to gain a lot of experience during this year and don\u2019t waste my time for doing nothing. That\u2019s why I am so motivated to go for that kind of stage.\u00a0I just want to maximize my life in the best way I can. I am young and brave, if I can help others and at the same time gain a lot of for myself I want to do it. I just don\u2019t want to waste my time just for education at polish university, I know that I can do more and I want to try.<\/p>\n<p>Ania is coming from Poland from quite a big city, Lublin and she is experimenting living and working in a rural area. And so far she did quite a good job.<\/p>\n<p>M\u0103 descriu drept o fat\u0103 mignon\u0103, curajoas\u0103 \u0219i cu o minte deschis\u0103. \u00cencerc \u00eentotdeauna s\u0103 fiu de folos celor din jur \u0219i m\u0103 a\u0219tept ca \u0219i cei din jur s\u0103 fac\u0103 la fel pentru mine. Nu \u00eemi place violen\u021ba, certurile \u0219i nu suport disrespectul \u0219i impolite\u021bea.<\/p>\n<p>Vreau s\u0103 \u00eemi petrec cel pu\u021bin o jum\u0103tate de an ca voluntar. Sunt dispus\u0103 la o pauz\u0103 de un an \u00eenainte de a-mi continua studiile de master. Vreau s\u0103 c\u00e2\u0219tig experien\u021b\u0103 \u0219i nu s\u0103 irosesc acest an f\u0103c\u00e2nd nimic. Asta e ceea ce m\u0103 motiveaz\u0103 s\u0103 iau parte \u00eentr-un astfel de stagiu. Vreau s\u0103 \u00eemi cresc \u0219ansele din via\u021b\u0103 \u00een cel mai bun mod posibil. Sunt t\u00e2n\u0103r\u0103, curajoas\u0103, iar dac\u0103 pot s\u0103 \u00eei ajut pe ceilal\u021bi \u0219i s\u0103 c\u00e2\u0219tig din asta, atunci vreau s\u0103 fac acest lucru. \u00cen acest moment educa\u021bia \u00eentr-o universitate polonez\u0103 e o pierdere de timp, \u0219tiu c\u0103 pot mai mult \u0219i voi \u00eencerca mai mult.<\/p>\n<p>Ania vine din Polonia, dintr-un ora\u0219 destul de mare, Lublin iar acum experimenteaz\u0103 traiul \u00eentr-o zon\u0103 rural\u0103. P\u00e2n\u0103 \u00een prezent pare c\u0103 se descurc\u0103.<\/p>\n","protected":false},"excerpt":{"rendered":"<div class=\"slide-text-bg2\"><span>I would describe myself as small, brave and open-minded girl. I try to be helpful for other people and I expect them to be the same to me. I do not like fi<\/span><\/div>\n<div class=\"slide-btn-area-sm\"><a href=\"http:\/\/evs.curbadecultura.ro\/index.php\/2015\/11\/29\/portret-de-voluntar-ania-polonia\/\" class=\"slide-btn-sm\">Read More<\/a><\/div>\n","protected":false},"author":1,"featured_media":0,"comment_status":"open","ping_status":"open","sticky":false,"template":"","format":"standard","meta":[],"categories":[5,1],"tags":[20,3],"_links":{"self":[{"href":"http:\/\/evs.curbadecultura.ro\/index.php\/wp-json\/wp\/v2\/posts\/161"}],"collection":[{"href":"http:\/\/evs.curbadecultura.ro\/index.php\/wp-json\/wp\/v2\/posts"}],"about":[{"href":"http:\/\/evs.curbadecultura.ro\/index.php\/wp-json\/wp\/v2\/types\/post"}],"author":[{"embeddable":true,"href":"http:\/\/evs.curbadecultura.ro\/index.php\/wp-json\/wp\/v2\/users\/1"}],"replies":[{"embeddable":true,"href":"http:\/\/evs.curbadecultura.ro\/index.php\/wp-json\/wp\/v2\/comments?post=161"}],"version-history":[{"count":1,"href":"http:\/\/evs.curbadecultura.ro\/index.php\/wp-json\/wp\/v2\/posts\/161\/revisions"}],"predecessor-version":[{"id":163,"href":"http:\/\/evs.curbadecultura.ro\/index.php\/wp-json\/wp\/v2\/posts\/161\/revisions\/163"}],"wp:attachment":[{"href":"http:\/\/evs.curbadecultura.ro\/index.php\/wp-json\/wp\/v2\/media?parent=161"}],"wp:term":[{"taxonomy":"category","embeddable":true,"href":"http:\/\/evs.curbadecultura.ro\/index.php\/wp-json\/wp\/v2\/categories?post=161"},{"taxonomy":"post_tag","embeddable":true,"href":"http:\/\/evs.curbadecultura.ro\/index.php\/wp-json\/wp\/v2\/tags?post=161"}],"curies":[{"name":"wp","href":"https:\/\/api.w.org\/{rel}","templated":true}]}}